{"id":171878,"date":"2025-12-01T14:55:09","date_gmt":"2025-12-01T14:55:09","guid":{"rendered":"https:\/\/www.europesays.com\/pt\/171878\/"},"modified":"2025-12-01T14:55:09","modified_gmt":"2025-12-01T14:55:09","slug":"desci-e-o-sergio-ramos-e-o-ronaldo-estavam-a-dizer-me-coisas-morri-de-vergonha","status":"publish","type":"post","link":"https:\/\/www.europesays.com\/pt\/171878\/","title":{"rendered":"\u00abDesci e o Sergio Ramos e o Ronaldo estavam a dizer-me coisas&#8230; morri de vergonha\u00bb"},"content":{"rendered":"<p>Marco Asensio era um jovem em ascens\u00e3o no futebol espanhol quando, aos 20 anos, em agosto de 2016, fez a estreia pelo Real Madrid, sendo titular e marcando um golo na vit\u00f3ria por 3-2 ante o Sevilha que valeu a conquista da Superta\u00e7a Europeia.<\/p>\n<p>O internacional espanhol de 29 anos, que esta \u00e9poca rumou ao Fenerbah\u00e7e, recordou um epis\u00f3dio curioso que antecedeu essa final e essa estreia pelo Real Madrid: j\u00e1 sabia de v\u00e9spera, pela boca do treinador Zin\u00e9dine Zidane, que ia ser titular e dormiu t\u00e3o bem\u2026 que adormeceu e tiveram de ir ao quarto acord\u00e1-lo.<\/p>\n<p>\u00abNunca paguei uma multa, mas a primeira e a \u00faltima vez que cheguei tarde foi na minha estreia pelo Real Madrid na Superta\u00e7a Europeia. Morria de medo de atrasar-me. Acabei por dormir demais O treinador tinha-me dito no dia anterior que eu ia ser titular e eu dormi t\u00e3o bem que fiquei a dormir\u00bb, contou Asensio, em entrevista ao jornal espanhol Marca, publicada esta segunda-feira.<\/p>\n<p>\u00abA seguran\u00e7a teve de acordar-me, batendo \u00e0 porta. Desci e o Sergio [Ramos] e o Cristiano [Ronaldo] estavam a dizer-me coisas\u2026 morri de vergonha, mas aprendi\u00bb, concluiu Asensio, que tamb\u00e9m respondeu \u00e0 pergunta: Mbapp\u00e9 ou Cristiano Ronaldo?<\/p>\n<p>\u00abComplicado\u2026 vivi muito com o Cristiano, que pode ser o melhor jogador da hist\u00f3ria e o Mbapp\u00e9 est\u00e1 a caminho\u00bb, disse Asensio, que tamb\u00e9m justificou a mudan\u00e7a para o Fenerbah\u00e7e.<\/p>\n<p>\u00abEra um desafio importante para mim e para a minha carreira. Quando falei com eles, no in\u00edcio do ver\u00e3o, vi que era um projeto ambicioso, o clube leva alguns anos sem conseguir um t\u00edtulo e quer voltar a ganhar. O carinho que recebi do clube e dos adeptos foi a chave para tomar a decis\u00e3o. Mas, sobretudo, era um desafio pessoal para voltar a ganhar. Quero sempre ganhar e estou habituado a estar em grandes clubes e quero trazer o meu ADN vencedor para conseguir grandes coisas aqui\u00bb, afirmou.<\/p>\n","protected":false},"excerpt":{"rendered":"Marco Asensio era um jovem em ascens\u00e3o no futebol espanhol quando, aos 20 anos, em agosto de 2016,&hellip;\n","protected":false},"author":2,"featured_media":171879,"comment_status":"","ping_status":"","sticky":false,"template":"","format":"standard","meta":{"footnotes":""},"categories":[87],"tags":[35966,667,135,640,82,46,4443,32,33,47,2007,669,21820,134],"class_list":{"0":"post-171878","1":"post","2":"type-post","3":"status-publish","4":"format-standard","5":"has-post-thumbnail","7":"category-desporto","8":"tag-asensio","9":"tag-cristiano-ronaldo","10":"tag-desporto","11":"tag-espanha","12":"tag-internacional","13":"tag-maisfutebol","14":"tag-marco-asensio","15":"tag-portugal","16":"tag-pt","17":"tag-pura-paixao","18":"tag-real-madrid","19":"tag-ronaldo","20":"tag-sergio-ramos","21":"tag-sports"},"share_on_mastodon":{"url":"https:\/\/pubeurope.com\/@pt\/115644892996716602","error":""},"_links":{"self":[{"href":"https:\/\/www.europesays.com\/pt\/wp-json\/wp\/v2\/posts\/171878","targetHints":{"allow":["GET"]}}],"collection":[{"href":"https:\/\/www.europesays.com\/pt\/wp-json\/wp\/v2\/posts"}],"about":[{"href":"https:\/\/www.europesays.com\/pt\/wp-json\/wp\/v2\/types\/post"}],"author":[{"embeddable":true,"href":"https:\/\/www.europesays.com\/pt\/wp-json\/wp\/v2\/users\/2"}],"replies":[{"embeddable":true,"href":"https:\/\/www.europesays.com\/pt\/wp-json\/wp\/v2\/comments?post=171878"}],"version-history":[{"count":0,"href":"https:\/\/www.europesays.com\/pt\/wp-json\/wp\/v2\/posts\/171878\/revisions"}],"wp:featuredmedia":[{"embeddable":true,"href":"https:\/\/www.europesays.com\/pt\/wp-json\/wp\/v2\/media\/171879"}],"wp:attachment":[{"href":"https:\/\/www.europesays.com\/pt\/wp-json\/wp\/v2\/media?parent=171878"}],"wp:term":[{"taxonomy":"category","embeddable":true,"href":"https:\/\/www.europesays.com\/pt\/wp-json\/wp\/v2\/categories?post=171878"},{"taxonomy":"post_tag","embeddable":true,"href":"https:\/\/www.europesays.com\/pt\/wp-json\/wp\/v2\/tags?post=171878"}],"curies":[{"name":"wp","href":"https:\/\/api.w.org\/{rel}","templated":true}]}}