{"id":171882,"date":"2025-12-01T14:58:21","date_gmt":"2025-12-01T14:58:21","guid":{"rendered":"https:\/\/www.europesays.com\/pt\/171882\/"},"modified":"2025-12-01T14:58:21","modified_gmt":"2025-12-01T14:58:21","slug":"tudo-sobre-a-colaboracao-inedita-entre-adidas-originals-e-artemisi","status":"publish","type":"post","link":"https:\/\/www.europesays.com\/pt\/171882\/","title":{"rendered":"Tudo sobre a colabora\u00e7\u00e3o in\u00e9dita entre Adidas Originals e Artemisi"},"content":{"rendered":"<p>Mais um t\u00eanis para colocar na wishlist de Natal: nesta sexta-feira (05.12), <a href=\"https:\/\/www.instagram.com\/adidasoriginals\/\" target=\"_blank\" rel=\"noopener nofollow\"><strong>adidas Originals<\/strong><\/a> e <a href=\"https:\/\/www.instagram.com\/artemisigallery\/\" target=\"_blank\" rel=\"noopener nofollow\"><strong>Artemisi<\/strong><\/a> lan\u00e7am uma parceria in\u00e9dita. \u00c9 a primeira vez que a gigante esportiva desenvolve um modelo em parceria com uma label independente brasileira \u2013 e tamb\u00e9m a estreia de Mayari Jubini, diretora criativa da Artemisi, na cria\u00e7\u00e3o de um t\u00eanis. O modelo \u00e9 uma releitura do cl\u00e1ssico Taekwondo, agora com interven\u00e7\u00f5es met\u00e1licas que conversam com o estilo da marca.<\/p>\n<p><img loading=\"lazy\" decoding=\"async\" class=\"lazy lazy-hidden alignnone wp-image-172753 size-medium_large\" data-lazy-type=\"image\" src=\"https:\/\/www.europesays.com\/pt\/wp-content\/uploads\/2025\/12\/adidas-originals-e-artemisiNOV25_ADIDAS_1315-768x960.jpg\" alt=\"adidas originals e artemisi\" width=\"768\" height=\"960\" title=\"Tudo sobre a colabora\u00e7\u00e3o in\u00e9dita entre Adidas Originals e Artemisi\"\/><\/p>\n<p class=\"media-data\">&#13;<br \/>\nO modelo Taekwondo reimaginado pela Artemisi.&#13;<br \/>\nFoto: Divulga\u00e7\u00e3o&#13;\n<\/p>\n<p>Leia mais:\u00a0<a href=\"https:\/\/elle.com.br\/moda\/tenis-adidas-samba-linha-premium-a-type\" rel=\"nofollow noopener\" target=\"_blank\">Efeito t\u00eanis Adidas Samba: Adidas lan\u00e7a linha premium A-Type<\/a><\/p>\n<p>\u201cAo falar sobre futuro, gosto de explor\u00e1-lo de uma forma n\u00e3o \u00f3bvia, mas ainda assim reconhec\u00edvel, criando produtos que se conectam a esse imagin\u00e1rio sem recorrer ao literal\u201d, conta a estilista. \u201cFoi exatamente o que busquei com o t\u00eanis. Nele, utilizo simbologias como o prata nos relevos, nos desenhos e nas formas, que dialogam com a biomec\u00e2nica \u2013 um conceito que j\u00e1 faz parte das minhas pesquisas\u201d. Os relevos cromados foram feitos com uma aplica\u00e7\u00e3o de High Frequency Welding, um processo que utiliza ondas de alta frequ\u00eancia para fundir materiais.\u00a0<\/p>\n<p>\u201cO resultado celebra a intersec\u00e7\u00e3o entre moda, design e tecnologia, pilares essenciais para a gente, uma marca que est\u00e1 sempre olhando para o novo\u201d, explica Jessica Silva, gerente s\u00eanior de lifestyle da adidas Originals Brasil. A collab estar\u00e1 dispon\u00edvel no site, no aplicativo e na loja f\u00edsica da marca, al\u00e9m de pontos parceiros como Your ID Women, Guadalupe e Working Title.<\/p>\n<p><img loading=\"lazy\" decoding=\"async\" class=\"lazy lazy-hidden alignnone wp-image-172752 size-medium_large\" data-lazy-type=\"image\" src=\"https:\/\/www.europesays.com\/pt\/wp-content\/uploads\/2025\/12\/adidas-originals-e-artemisiNOV25_ADIDAS_1123-1-768x960.jpg\" alt=\"adidas originals e artemisi\" width=\"768\" height=\"960\" title=\"Tudo sobre a colabora\u00e7\u00e3o in\u00e9dita entre Adidas Originals e Artemisi\"\/><\/p>\n<p class=\"media-data\">&#13;<br \/>\n&#13;<br \/>\nFoto: Divulga\u00e7\u00e3o&#13;\n<\/p>\n<p>Leia mais:\u00a0<a href=\"https:\/\/elle.com.br\/moda\/spfw-n58-artemisi\" rel=\"nofollow noopener\" target=\"_blank\">SPFW N58: Artemisi\u00a0<\/a><\/p>\n<p>\u00a0<\/p>\n<p>Para ler conte\u00fados exclusivos e multim\u00eddia,\u00a0<a class=\"c-link\" href=\"https:\/\/loja.elle.com.br\/assinatura?utm_source=site&amp;utm_medium=post&amp;utm_campaign=cta-after-post&quot;\" target=\"_blank\" rel=\"nofollow noopener\"><strong>assine a ELLE View<\/strong><\/a>, nossa revista digital mensal para assinantes<\/p>\n<p>\t\t\t\t\t\t\t\t\t\t\t\t\t\t\t\t\t\t\t\t\t\t\t\t<script async src=\"\/\/www.instagram.com\/embed.js\"><\/script><\/p>\n","protected":false},"excerpt":{"rendered":"Mais um t\u00eanis para colocar na wishlist de Natal: nesta sexta-feira (05.12), adidas Originals e Artemisi lan\u00e7am uma&hellip;\n","protected":false},"author":2,"featured_media":171883,"comment_status":"","ping_status":"","sticky":false,"template":"","format":"standard","meta":{"footnotes":""},"categories":[84],"tags":[109,107,108,32,33,105,103,104,106,110],"class_list":{"0":"post-171882","1":"post","2":"type-post","3":"status-publish","4":"format-standard","5":"has-post-thumbnail","7":"category-ciencia-e-tecnologia","8":"tag-ciencia","9":"tag-ciencia-e-tecnologia","10":"tag-cienciaetecnologia","11":"tag-portugal","12":"tag-pt","13":"tag-science","14":"tag-science-and-technology","15":"tag-scienceandtechnology","16":"tag-technology","17":"tag-tecnologia"},"share_on_mastodon":{"url":"https:\/\/pubeurope.com\/@pt\/115644904893816365","error":""},"_links":{"self":[{"href":"https:\/\/www.europesays.com\/pt\/wp-json\/wp\/v2\/posts\/171882","targetHints":{"allow":["GET"]}}],"collection":[{"href":"https:\/\/www.europesays.com\/pt\/wp-json\/wp\/v2\/posts"}],"about":[{"href":"https:\/\/www.europesays.com\/pt\/wp-json\/wp\/v2\/types\/post"}],"author":[{"embeddable":true,"href":"https:\/\/www.europesays.com\/pt\/wp-json\/wp\/v2\/users\/2"}],"replies":[{"embeddable":true,"href":"https:\/\/www.europesays.com\/pt\/wp-json\/wp\/v2\/comments?post=171882"}],"version-history":[{"count":0,"href":"https:\/\/www.europesays.com\/pt\/wp-json\/wp\/v2\/posts\/171882\/revisions"}],"wp:featuredmedia":[{"embeddable":true,"href":"https:\/\/www.europesays.com\/pt\/wp-json\/wp\/v2\/media\/171883"}],"wp:attachment":[{"href":"https:\/\/www.europesays.com\/pt\/wp-json\/wp\/v2\/media?parent=171882"}],"wp:term":[{"taxonomy":"category","embeddable":true,"href":"https:\/\/www.europesays.com\/pt\/wp-json\/wp\/v2\/categories?post=171882"},{"taxonomy":"post_tag","embeddable":true,"href":"https:\/\/www.europesays.com\/pt\/wp-json\/wp\/v2\/tags?post=171882"}],"curies":[{"name":"wp","href":"https:\/\/api.w.org\/{rel}","templated":true}]}}