{"id":171893,"date":"2025-12-01T15:10:10","date_gmt":"2025-12-01T15:10:10","guid":{"rendered":"https:\/\/www.europesays.com\/pt\/171893\/"},"modified":"2025-12-01T15:10:10","modified_gmt":"2025-12-01T15:10:10","slug":"oficial-benfica-renova-com-goleador-da-formacao","status":"publish","type":"post","link":"https:\/\/www.europesays.com\/pt\/171893\/","title":{"rendered":"Oficial: Benfica renova com goleador da forma\u00e7\u00e3o"},"content":{"rendered":"<p>O <a class=\"autolink-enabled\" data-resource-id=\"450\" data-resource-type=\"team\" data-sport=\"football\" href=\"https:\/\/www.abola.pt\/futebol\/benfica-450\" rel=\"nofollow noopener\" target=\"_blank\">Benfica<\/a> oficializou a renova\u00e7\u00e3o de contrato de Francisco Silva, avan\u00e7ado de 18 anos. O jovem goleador, que chegou ao clube em 2018\/19 ap\u00f3s deixar o Beira-Mar para integrar o Centro de Forma\u00e7\u00e3o e Treino de Aveiro, destacou o orgulho e a confian\u00e7a transmitidos pelo <a class=\"autolink-enabled\" data-resource-id=\"450\" data-resource-type=\"team\" data-sport=\"football\" href=\"https:\/\/www.abola.pt\/futebol\/benfica-450\" rel=\"nofollow noopener\" target=\"_blank\">Benfica<\/a> neste novo v\u00ednculo, afirmando que a renova\u00e7\u00e3o representa maior responsabilidade e a necessidade de trabalhar ainda mais para atingir objetivos cada vez mais altos. <\/p>\n<p>&#8220;Significa um sentimento de orgulho e de confian\u00e7a do Clube. E agora acho que \u00e9 trabalhar mais, com mais responsabilidade, e atingir objetivos mais altos\u00bb, afirmou, em declara\u00e7\u00f5es \u00e0 BTV.<\/p>\n<p>Os n\u00fameros justificam a aposta do <a class=\"autolink-enabled\" data-resource-id=\"450\" data-resource-type=\"team\" data-sport=\"football\" href=\"https:\/\/www.abola.pt\/futebol\/benfica-450\" rel=\"nofollow noopener\" target=\"_blank\">Benfica<\/a>: 33 jogos e 23 golos pelos Juvenis B em 2022\/23, 33 jogos e 29 golos pelos Juvenis A em 2023\/24, 27 jogos e 19 golos pelos Juniores em 2024\/25, al\u00e9m de oito jogos pela Equipa B na <a class=\"autolink-enabled\" data-resource-id=\"111\" data-resource-type=\"competition\" data-sport=\"football\" href=\"https:\/\/www.abola.pt\/futebol\/competicao\/liga-portugal-2-meu-super-111\" rel=\"nofollow noopener\" target=\"_blank\">Liga 2<\/a>, cinco jogos e quatro golos na <a class=\"autolink-enabled\" data-resource-id=\"552\" data-resource-type=\"competition\" data-sport=\"football\" href=\"https:\/\/www.abola.pt\/futebol\/competicao\/uefa-youth-league-552\" rel=\"nofollow noopener\" target=\"_blank\">UEFA Youth League<\/a> e ainda 14 internacionaliza\u00e7\u00f5es e cinco golos pelas sele\u00e7\u00f5es jovens de Portugal. <\/p>\n<p>            <img decoding=\"async\" src=\"https:\/\/www.europesays.com\/pt\/wp-content\/uploads\/2025\/12\/25695bc2-0747-472f-9e21-db077b609d39.jpg\" alt=\"\" width=\"620\" class=\"w-full object-cover\"\/><\/p>\n<p>                    Foto: Benfica<\/p>\n<p>O avan\u00e7ado coleciona tamb\u00e9m t\u00edtulos importantes, como o Campeonato Nacional de Juvenis (2023\/24), o Campeonato Nacional de Juniores (2024\/25) e a Ta\u00e7a Revela\u00e7\u00e3o (2024\/25), lembrando com especial carinho os dois campeonatos consecutivos nos sub-17 e sub-19. <\/p>\n<p>\u00abAcho que a maior recorda\u00e7\u00e3o foi o primeiro t\u00edtulo de campe\u00e3o Nacional nos sub-17 e depois o segundo t\u00edtulo nos sub-19, logo de seguida\u00bb, relembrou.<\/p>\n<p>Agora integrado na Equipa B, apesar de ainda ser j\u00fanior, Francisco v\u00ea este passo como fundamental para continuar a evoluir e aproximar-se da equipa principal, destacando o ambiente competitivo. \u00ab\u00c9 um sentimento de responsabilidade tamb\u00e9m e \u00e9 um espa\u00e7o para crescermos, para chegarmos l\u00e1 acima, crescer e trabalhar\u00bb, explicou. <\/p>\n<p>\u00abNeste momento \u00e9 focar na equipa B, focar na Youth League, e trabalhar ao m\u00e1ximo. Para o futuro, \u00e9 esperar estrear [na equipa principal], primeiro que tudo, e depois ganhar o meu espa\u00e7o\u00bb, concluiu.<\/p>\n<p><a target=\"_blank\" class=\"editor-link\" href=\"https:\/\/profile.google.com\/cp\/CgkvbS8wNWNjOHQ?pf=0\" rel=\"nofollow noopener\">Siga o perfil de A BOLA no Google<\/a><\/p>\n","protected":false},"excerpt":{"rendered":"O Benfica oficializou a renova\u00e7\u00e3o de contrato de Francisco Silva, avan\u00e7ado de 18 anos. O jovem goleador, que&hellip;\n","protected":false},"author":2,"featured_media":171894,"comment_status":"","ping_status":"","sticky":false,"template":"","format":"standard","meta":{"footnotes":""},"categories":[87],"tags":[135,32,33,134],"class_list":{"0":"post-171893","1":"post","2":"type-post","3":"status-publish","4":"format-standard","5":"has-post-thumbnail","7":"category-desporto","8":"tag-desporto","9":"tag-portugal","10":"tag-pt","11":"tag-sports"},"share_on_mastodon":{"url":"https:\/\/pubeurope.com\/@pt\/115644952131020044","error":""},"_links":{"self":[{"href":"https:\/\/www.europesays.com\/pt\/wp-json\/wp\/v2\/posts\/171893","targetHints":{"allow":["GET"]}}],"collection":[{"href":"https:\/\/www.europesays.com\/pt\/wp-json\/wp\/v2\/posts"}],"about":[{"href":"https:\/\/www.europesays.com\/pt\/wp-json\/wp\/v2\/types\/post"}],"author":[{"embeddable":true,"href":"https:\/\/www.europesays.com\/pt\/wp-json\/wp\/v2\/users\/2"}],"replies":[{"embeddable":true,"href":"https:\/\/www.europesays.com\/pt\/wp-json\/wp\/v2\/comments?post=171893"}],"version-history":[{"count":0,"href":"https:\/\/www.europesays.com\/pt\/wp-json\/wp\/v2\/posts\/171893\/revisions"}],"wp:featuredmedia":[{"embeddable":true,"href":"https:\/\/www.europesays.com\/pt\/wp-json\/wp\/v2\/media\/171894"}],"wp:attachment":[{"href":"https:\/\/www.europesays.com\/pt\/wp-json\/wp\/v2\/media?parent=171893"}],"wp:term":[{"taxonomy":"category","embeddable":true,"href":"https:\/\/www.europesays.com\/pt\/wp-json\/wp\/v2\/categories?post=171893"},{"taxonomy":"post_tag","embeddable":true,"href":"https:\/\/www.europesays.com\/pt\/wp-json\/wp\/v2\/tags?post=171893"}],"curies":[{"name":"wp","href":"https:\/\/api.w.org\/{rel}","templated":true}]}}