{"id":171903,"date":"2025-12-01T15:21:11","date_gmt":"2025-12-01T15:21:11","guid":{"rendered":"https:\/\/www.europesays.com\/pt\/171903\/"},"modified":"2025-12-01T15:21:11","modified_gmt":"2025-12-01T15:21:11","slug":"reencontro-com-belo-em-tres-gracas-viviane-araujo-abre-o-jogo-sobre-a-parceria-com-o-ex","status":"publish","type":"post","link":"https:\/\/www.europesays.com\/pt\/171903\/","title":{"rendered":"Reencontro com Belo em &#8216;Tr\u00eas Gra\u00e7as&#8217;? Viviane Araujo abre o jogo sobre a parceria com o ex"},"content":{"rendered":"\n<p class=\" content-text__container theme-color-primary-first-letter\" data-track-category=\"Link no Texto\" data-track-links=\"\"> <strong>Viviane Araujo<\/strong> marcou presen\u00e7a no mini desfile do Salgueiro, realizado na noite de domingo (30) no Rio de Janeiro, e falou com a imprensa sobre seu pr\u00f3ximo projeto na televis\u00e3o: contracenar com seu ex <strong>Belo <\/strong>na novela &#8220;Tr\u00eas Gra\u00e7as&#8221;. A atriz mostrou empolga\u00e7\u00e3o com a nova etapa da carreira e comentou sobre o in\u00edcio das grava\u00e7\u00f5es. <\/p>\n<ul class=\"content-unordered-list\">\n<li><strong>Corpo livre: <\/strong><a class=\"\" href=\"https:\/\/oglobo.globo.com\/ela\/noticia\/2025\/12\/01\/corpo-livre-veja-como-celebridades-celebram-a-propria-beleza-em-fotos-de-topless.ghtml\" rel=\"nofollow noopener\" target=\"_blank\"><strong>veja como celebridades celebram a pr\u00f3pria beleza em fotos de topless<\/strong><\/a><\/li>\n<li><strong>Entenda <\/strong><a class=\"\" href=\"https:\/\/oglobo.globo.com\/ela\/noticia\/2025\/12\/01\/entenda-por-que-a-separacao-de-ivete-sangalo-fez-a-maldicao-do-clipe-voltar-as-redes.ghtml\" rel=\"nofollow noopener\" target=\"_blank\"><strong>por que a separa\u00e7\u00e3o de Ivete Sangalo fez a &#8216;maldi\u00e7\u00e3o do clipe&#8217; voltar \u00e0s redes<\/strong><\/a><\/li>\n<\/ul>\n<p class=\" content-text__container \" data-track-category=\"Link no Texto\" data-track-links=\"\"> &#8220;Em dezembro, eu come\u00e7o a gravar, mas ainda n\u00e3o sei quando realmente estreia [a personagem]&#8230; N\u00e3o tem nada. Sei que est\u00e3o escrevendo bastante porque vou come\u00e7ar a gravar agora. Parece que ela j\u00e1 entra em janeiro&#8221;, revelou. <\/p>\n<p class=\" content-text__container \" data-track-category=\"Link no Texto\" data-track-links=\"\"> Na trama, Viviane dar\u00e1 vida a Consuelo, um amor do passado de Misael, interpretado por Belo. Segundo a Globo, a personagem promete movimentar o enredo da Chacrinha, alterando principalmente o destino do vi\u00favo, que perdeu a esposa devido a rem\u00e9dios falsificados da Funda\u00e7\u00e3o Ferette. <\/p>\n<p class=\" content-text__container \" data-track-category=\"Link no Texto\" data-track-links=\"\"> A atriz tamb\u00e9m demonstrou gratid\u00e3o a Aguinaldo Silva. O autor foi respons\u00e1vel por apresentar Viviane \u00e0 dramaturgia da Globo, ao convid\u00e1-la para trabalhos em &#8220;Imp\u00e9rio&#8221; (2014) e &#8220;O S\u00e9timo Guardi\u00e3o&#8221; (2018). &#8220;Sim, foi um convite muito especial dele. A gente conversou e ele me deixou muito tranquila e muito segura&#8221;, disse. <\/p>\n<p class=\" content-text__container \" data-track-category=\"Link no Texto\" data-track-links=\"\"> Apesar de ter liberdade para recusar o papel, Viviane se sentiu convencida pela constru\u00e7\u00e3o do personagem. &#8220;Tudo estava muito bem elaborado, estudado e bem-feito&#8221;, afirmou. &#8220;Vai ser lindo. Vai ficar uma coisa bem bacana quando for ao ar&#8221;, assegurou. <\/p>\n<p class=\" content-text__container \" data-track-category=\"Link no Texto\" data-track-links=\"\"> Sobre o desafio de interpretar Consuelo, a atriz ressaltou: &#8220;\u00c9 um trabalho. A gente t\u00e1 ali atuando, eu t\u00f4 fazendo o que amo, o que gosto, \u00e9 pelo meu trabalho mesmo&#8230; \u00c9 um trabalho que estou encarando. E eu sei que vai ser um grande desafio para mim tamb\u00e9m, porque \u00e9 uma personagem diferente das que eu j\u00e1 fiz. T\u00f4 encarando mesmo como um grande desafio para mim como profissional.&#8221; <\/p>\n","protected":false},"excerpt":{"rendered":"Viviane Araujo marcou presen\u00e7a no mini desfile do Salgueiro, realizado na noite de domingo (30) no Rio de&hellip;\n","protected":false},"author":2,"featured_media":171904,"comment_status":"","ping_status":"","sticky":false,"template":"","format":"standard","meta":{"footnotes":""},"categories":[142],"tags":[114,115,319,32,33,318,151],"class_list":{"0":"post-171903","1":"post","2":"type-post","3":"status-publish","4":"format-standard","5":"has-post-thumbnail","7":"category-tv","8":"tag-entertainment","9":"tag-entretenimento","10":"tag-hard-news","11":"tag-portugal","12":"tag-pt","13":"tag-radar","14":"tag-tv"},"share_on_mastodon":{"url":"https:\/\/pubeurope.com\/@pt\/115644995122912746","error":""},"_links":{"self":[{"href":"https:\/\/www.europesays.com\/pt\/wp-json\/wp\/v2\/posts\/171903","targetHints":{"allow":["GET"]}}],"collection":[{"href":"https:\/\/www.europesays.com\/pt\/wp-json\/wp\/v2\/posts"}],"about":[{"href":"https:\/\/www.europesays.com\/pt\/wp-json\/wp\/v2\/types\/post"}],"author":[{"embeddable":true,"href":"https:\/\/www.europesays.com\/pt\/wp-json\/wp\/v2\/users\/2"}],"replies":[{"embeddable":true,"href":"https:\/\/www.europesays.com\/pt\/wp-json\/wp\/v2\/comments?post=171903"}],"version-history":[{"count":0,"href":"https:\/\/www.europesays.com\/pt\/wp-json\/wp\/v2\/posts\/171903\/revisions"}],"wp:featuredmedia":[{"embeddable":true,"href":"https:\/\/www.europesays.com\/pt\/wp-json\/wp\/v2\/media\/171904"}],"wp:attachment":[{"href":"https:\/\/www.europesays.com\/pt\/wp-json\/wp\/v2\/media?parent=171903"}],"wp:term":[{"taxonomy":"category","embeddable":true,"href":"https:\/\/www.europesays.com\/pt\/wp-json\/wp\/v2\/categories?post=171903"},{"taxonomy":"post_tag","embeddable":true,"href":"https:\/\/www.europesays.com\/pt\/wp-json\/wp\/v2\/tags?post=171903"}],"curies":[{"name":"wp","href":"https:\/\/api.w.org\/{rel}","templated":true}]}}