{"id":171914,"date":"2025-12-01T15:30:31","date_gmt":"2025-12-01T15:30:31","guid":{"rendered":"https:\/\/www.europesays.com\/pt\/171914\/"},"modified":"2025-12-01T15:30:31","modified_gmt":"2025-12-01T15:30:31","slug":"denuncia-contra-eua-por-tentativa-de-apropriacao-de-reservas-de-petroleo","status":"publish","type":"post","link":"https:\/\/www.europesays.com\/pt\/171914\/","title":{"rendered":"Den\u00fancia contra EUA por tentativa de apropria\u00e7\u00e3o de reservas de petr\u00f3leo"},"content":{"rendered":"<p>O Governo venezuelano denunciou este domingo, dia 30 de novembro, antes da segunda confer\u00eancia ministerial da alian\u00e7a OPEP+, liderada pela Ar\u00e1bia Saudita e pela R\u00fassia, que os Estados Unidos est\u00e3o a tentar apoderar-se das suas reservas petrol\u00edferas e usam o pretexto do narcotr\u00e1fico.<\/p>\n<p>De acordo com a Venezuela, os Estados Unidos pretendem apoderar-se das suas reservas petrol\u00edferas, mantendo um destacamento militar no mar das Cara\u00edbas sob o pretexto de combater o narcotr\u00e1fico.<\/p>\n<p><strong>Numa carta assinada pelo Presidente Nicol\u00e1s Maduro e divulgada pela vice-presidente executiva Delcy Rodr\u00edguez, o Governo venezuelano acusou os Estados Unidos de tentarem apoderar-se das suas reservas de petr\u00f3leo atrav\u00e9s do uso de for\u00e7a militar letal contra o territ\u00f3rio<\/strong>, o povo e as institui\u00e7\u00f5es do pa\u00eds.<\/p>\n<p>&#8220;Esta inten\u00e7\u00e3o n\u00e3o s\u00f3 viola as disposi\u00e7\u00f5es que regem a coexist\u00eancia pac\u00edfica entre as na\u00e7\u00f5es, como tamb\u00e9m coloca em s\u00e9rio risco a estabilidade da produ\u00e7\u00e3o petrol\u00edfera venezuelana e do mercado internacional&#8221;, acrescentou.<\/p>\n<p>O Governo de Maduro afirmou que a Venezuela vai manter-se firme na defesa dos seus recursos naturais energ\u00e9ticos e &#8220;n\u00e3o ceder\u00e1 a qualquer tipo de chantagem ou amea\u00e7a&#8221;.<\/p>\n<p><strong>Al\u00e9m disso, espera contar com os melhores esfor\u00e7os do secret\u00e1rio-geral da OPEP, Haitham Al Ghais, bem como dos membros da alian\u00e7a OPEP+, para ajudar a travar o que considera ser uma &#8220;agress\u00e3o que se intensifica com for\u00e7a crescente&#8221;<\/strong> e que, alertou, &#8220;amea\u00e7a seriamente o equil\u00edbrio do mercado energ\u00e9tico, tanto para os pa\u00edses produtores como para os consumidores&#8221;.<\/p>\n<p><strong>Desde meados de agosto que os Estados Unidos mant\u00eam um destacamento naval e a\u00e9reo no mar das Cara\u00edbas, em \u00e1guas pr\u00f3ximas da Venezuela<\/strong>, que defendem como parte da sua estrat\u00e9gia de combate ao narcotr\u00e1fico, mas que Caracas considera uma &#8220;amea\u00e7a&#8221; destinada a provocar uma mudan\u00e7a de governo.<\/p>\n<p>Durante estes meses, as for\u00e7as armadas norte-americanas atacaram 20 embarca\u00e7\u00f5es alegadamente ligadas ao tr\u00e1fico de droga, resultando na morte de pelo menos 83 pessoas.<\/p>\n<p><strong>A alian\u00e7a OPEP+, liderada pela Ar\u00e1bia Saudita e pela R\u00fassia, decidiu este domingo manter inalterado o n\u00edvel da sua oferta conjunta de petr\u00f3leo, que representa quase metade da produ\u00e7\u00e3o global, pelo menos at\u00e9 01 de abril de 2026.<\/strong><\/p>\n<p>A OPEP foi fundada em 1960 em Bagdade pela Ar\u00e1bia Saudita, Venezuela, Ir\u00e3o, Iraque e Kuwait. Em 2016, o grupo acordou cooperar com outros 10 pa\u00edses, entre eles a R\u00fassia, M\u00e9xico Cazaquist\u00e3o e Azerbaij\u00e3o, criando a alian\u00e7a OPEP+.<\/p>\n","protected":false},"excerpt":{"rendered":"O Governo venezuelano denunciou este domingo, dia 30 de novembro, antes da segunda confer\u00eancia ministerial da alian\u00e7a OPEP+,&hellip;\n","protected":false},"author":2,"featured_media":171915,"comment_status":"","ping_status":"","sticky":false,"template":"","format":"standard","meta":{"footnotes":""},"categories":[50],"tags":[27,28,15,16,14,25,26,21,22,62,12,13,19,20,22970,23,24,17,18,29,30,31,3023,63,64,65],"class_list":{"0":"post-171914","1":"post","2":"type-post","3":"status-publish","4":"format-standard","5":"has-post-thumbnail","7":"category-mundo","8":"tag-breaking-news","9":"tag-breakingnews","10":"tag-featured-news","11":"tag-featurednews","12":"tag-headlines","13":"tag-latest-news","14":"tag-latestnews","15":"tag-main-news","16":"tag-mainnews","17":"tag-mundo","18":"tag-news","19":"tag-noticias","20":"tag-noticias-principais","21":"tag-noticiasprincipais","22":"tag-opep","23":"tag-principais-noticias","24":"tag-principaisnoticias","25":"tag-top-stories","26":"tag-topstories","27":"tag-ultimas","28":"tag-ultimas-noticias","29":"tag-ultimasnoticias","30":"tag-venezuela","31":"tag-world","32":"tag-world-news","33":"tag-worldnews"},"share_on_mastodon":{"url":"https:\/\/pubeurope.com\/@pt\/115645030288057355","error":""},"_links":{"self":[{"href":"https:\/\/www.europesays.com\/pt\/wp-json\/wp\/v2\/posts\/171914","targetHints":{"allow":["GET"]}}],"collection":[{"href":"https:\/\/www.europesays.com\/pt\/wp-json\/wp\/v2\/posts"}],"about":[{"href":"https:\/\/www.europesays.com\/pt\/wp-json\/wp\/v2\/types\/post"}],"author":[{"embeddable":true,"href":"https:\/\/www.europesays.com\/pt\/wp-json\/wp\/v2\/users\/2"}],"replies":[{"embeddable":true,"href":"https:\/\/www.europesays.com\/pt\/wp-json\/wp\/v2\/comments?post=171914"}],"version-history":[{"count":0,"href":"https:\/\/www.europesays.com\/pt\/wp-json\/wp\/v2\/posts\/171914\/revisions"}],"wp:featuredmedia":[{"embeddable":true,"href":"https:\/\/www.europesays.com\/pt\/wp-json\/wp\/v2\/media\/171915"}],"wp:attachment":[{"href":"https:\/\/www.europesays.com\/pt\/wp-json\/wp\/v2\/media?parent=171914"}],"wp:term":[{"taxonomy":"category","embeddable":true,"href":"https:\/\/www.europesays.com\/pt\/wp-json\/wp\/v2\/categories?post=171914"},{"taxonomy":"post_tag","embeddable":true,"href":"https:\/\/www.europesays.com\/pt\/wp-json\/wp\/v2\/tags?post=171914"}],"curies":[{"name":"wp","href":"https:\/\/api.w.org\/{rel}","templated":true}]}}