{"id":171916,"date":"2025-12-01T15:32:14","date_gmt":"2025-12-01T15:32:14","guid":{"rendered":"https:\/\/www.europesays.com\/pt\/171916\/"},"modified":"2025-12-01T15:32:14","modified_gmt":"2025-12-01T15:32:14","slug":"marcelo-rebelo-de-sousa-confrontado-por-grupo-de-extrema-direita-nas-cerimonias-do-1-o-de-dezembro","status":"publish","type":"post","link":"https:\/\/www.europesays.com\/pt\/171916\/","title":{"rendered":"Marcelo Rebelo de Sousa confrontado por grupo de extrema-direita nas cerim\u00f3nias do 1.\u00ba de Dezembro"},"content":{"rendered":"<p>                Nos 385 anos da Restaura\u00e7\u00e3o da Independ\u00eancia, que se assinalaram esta segunda-feira, Marcelo Rebelo de Sousa esteve presente nas cerim\u00f3nias, como sempre fez desde que \u00e9 presidente da Rep\u00fablica.<\/p>\n<p>No \u00faltimo 1.\u00ba de Dezembro presidido por Marcelo Rebelo de Sousa, o chefe de Estado aproximou-se das pessoas que assistiam \u00e0s cerim\u00f3nias, inclusivamente do grupo de extrema-direita que ali estava.<\/p>\n<p>A associa\u00e7\u00e3o &#8220;Portugueses Primeiro&#8221;, que<b> tem estado na mira da Pol\u00edcia Judici\u00e1ria<\/b>, esteve junto \u00e0 Pra\u00e7a dos Restauradores para assistir \u00e0 cerim\u00f3nia comemorativa do Dia da Restaura\u00e7\u00e3o.<\/p>\n<p>Os elementos do grupo nacionalista disseram ao presidente da Rep\u00fablica que j\u00e1 devia ter sa\u00eddo do cargo h\u00e1 mais tempo.<\/p>\n<p><b>&#8220;Estou muito feliz que vai terminar o seu consulado e vai-se embora do pa\u00eds&#8221;<\/b>, disse um deles, com outro a confront\u00e1-lo com o caso de alegado favorecimento a duas crian\u00e7as g\u00e9meas no Servi\u00e7o Nacional de Sa\u00fade.<\/p>\n<p>O incidente durou breves momentos antes de o chefe de Estado entrar no carro e deixar o local das cerim\u00f3nias.&#13;\n            <\/p>\n","protected":false},"excerpt":{"rendered":"Nos 385 anos da Restaura\u00e7\u00e3o da Independ\u00eancia, que se assinalaram esta segunda-feira, Marcelo Rebelo de Sousa esteve presente&hellip;\n","protected":false},"author":2,"featured_media":171917,"comment_status":"","ping_status":"","sticky":false,"template":"","format":"standard","meta":{"footnotes":""},"categories":[10],"tags":[27,28,15,16,14,25,26,21,22,12,13,19,20,32,23,24,33,420,421,17,18,29,30,31],"class_list":{"0":"post-171916","1":"post","2":"type-post","3":"status-publish","4":"format-standard","5":"has-post-thumbnail","7":"category-portugal","8":"tag-breaking-news","9":"tag-breakingnews","10":"tag-featured-news","11":"tag-featurednews","12":"tag-headlines","13":"tag-latest-news","14":"tag-latestnews","15":"tag-main-news","16":"tag-mainnews","17":"tag-news","18":"tag-noticias","19":"tag-noticias-principais","20":"tag-noticiasprincipais","21":"tag-portugal","22":"tag-principais-noticias","23":"tag-principaisnoticias","24":"tag-pt","25":"tag-rtp","26":"tag-rtp-noticias","27":"tag-top-stories","28":"tag-topstories","29":"tag-ultimas","30":"tag-ultimas-noticias","31":"tag-ultimasnoticias"},"share_on_mastodon":{"url":"https:\/\/pubeurope.com\/@pt\/115645038159912975","error":""},"_links":{"self":[{"href":"https:\/\/www.europesays.com\/pt\/wp-json\/wp\/v2\/posts\/171916","targetHints":{"allow":["GET"]}}],"collection":[{"href":"https:\/\/www.europesays.com\/pt\/wp-json\/wp\/v2\/posts"}],"about":[{"href":"https:\/\/www.europesays.com\/pt\/wp-json\/wp\/v2\/types\/post"}],"author":[{"embeddable":true,"href":"https:\/\/www.europesays.com\/pt\/wp-json\/wp\/v2\/users\/2"}],"replies":[{"embeddable":true,"href":"https:\/\/www.europesays.com\/pt\/wp-json\/wp\/v2\/comments?post=171916"}],"version-history":[{"count":0,"href":"https:\/\/www.europesays.com\/pt\/wp-json\/wp\/v2\/posts\/171916\/revisions"}],"wp:featuredmedia":[{"embeddable":true,"href":"https:\/\/www.europesays.com\/pt\/wp-json\/wp\/v2\/media\/171917"}],"wp:attachment":[{"href":"https:\/\/www.europesays.com\/pt\/wp-json\/wp\/v2\/media?parent=171916"}],"wp:term":[{"taxonomy":"category","embeddable":true,"href":"https:\/\/www.europesays.com\/pt\/wp-json\/wp\/v2\/categories?post=171916"},{"taxonomy":"post_tag","embeddable":true,"href":"https:\/\/www.europesays.com\/pt\/wp-json\/wp\/v2\/tags?post=171916"}],"curies":[{"name":"wp","href":"https:\/\/api.w.org\/{rel}","templated":true}]}}