{"id":171918,"date":"2025-12-01T15:34:13","date_gmt":"2025-12-01T15:34:13","guid":{"rendered":"https:\/\/www.europesays.com\/pt\/171918\/"},"modified":"2025-12-01T15:34:13","modified_gmt":"2025-12-01T15:34:13","slug":"filha-de-paul-walker-emociona-fas-em-lembranca-dos-12-anos-da-morte-do-ator-veja-fotos","status":"publish","type":"post","link":"https:\/\/www.europesays.com\/pt\/171918\/","title":{"rendered":"Filha de Paul Walker emociona f\u00e3s em lembran\u00e7a dos 12 anos da morte do ator; veja fotos"},"content":{"rendered":"\n<p>Meadow Walker fez uma homenagem ao pai, o ator Paul Walker, nos 12 anos de sua tr\u00e1gica morte e emocionou a legi\u00e3o de f\u00e3s do astro da franquia &#8216;Velozes e Furiosos&#8217;.<\/p>\n<p>Na postagem, a modelo de 27 anos compartilhou uma sequ\u00eancia de tr\u00eas imagens ao lado de Paul com ele segurando o que parece ser um bolo de anivers\u00e1rio e a ajudando a apagar as velinhas. &#8220;12 anos sem voc\u00ea&#8230; Eu te amarei para sempre&#8221;, escreveu na legenda.<\/p>\n<p>Paul faleceu durante a produ\u00e7\u00e3o de &#8216;Velozes e Furiosos 7&#8217;, que precisou da ajuda de computa\u00e7\u00e3o gr\u00e1fica e de um dos seus irm\u00e3os para ser conclu\u00eddo. Recentemente, Vin Diesel revelou que o amigo aparecer\u00e1 no \u00faltimo filme da franquia, levando os f\u00e3s \u00e0 loucura.<\/p>\n<p>&#8220;O est\u00fadio me disse: &#8216;Vin, podemos, por favor, ter o final de Velozes e Furiosos em abril de 2027?'&#8221;, disse o ator, confirmando a data de lan\u00e7amento. &#8220;Eu disse: &#8216;Com tr\u00eas condi\u00e7\u00f5es: Primeiro, trazer a franquia de volta para Los Angeles! A segunda coisa era retornar \u00e0 cultura automobil\u00edstica, \u00e0s corridas de rua!&#8217;. A terceira coisa era reunir Dom e Brian O&#8217;Conner&#8221;, concluiu, lembrando os nomes do seu personagem e de Walker na trama.<\/p>\n<p><img decoding=\"async\" alt=\"\" height=\"685\" loading=\"lazy\" src=\"https:\/\/www.europesays.com\/pt\/wp-content\/uploads\/2025\/12\/filha-paul-walker-ator-reproducao-redes-sociais.jpg\" width=\"800\"\/><\/p>\n<p>Meadow sempre lembra de seu pai nas redes sociais, compartilhando fotos raras de momentos em fam\u00edlia, como em setembro, quando publicou uma lembran\u00e7a para comemorar o dia em que ele comemoraria 52 anos. &#8220;Feliz anivers\u00e1rio, papai. Eu te amo infinitamente e sinto sua falta todos os dias&#8221;, escreveu.<\/p>\n<p class=\"content-text__container\" data-mrf-recirculation=\"Recomenda\u00e7\u00e3o meio do texto\" data-track-category=\"Link no Texto\" data-track-links=\"\">Confira o trailer do primeiro &#8216;Velozes e Furiosos&#8217;, franquia que tornou Paul Walker um dos grandes nomes de Hollywood nos anos 2000.<\/p>\n<p class=\"content-text__container\" data-mrf-recirculation=\"Recomenda\u00e7\u00e3o meio do texto\" data-track-category=\"Link no Texto\" data-track-links=\"\"><img decoding=\"async\" alt=\"\" height=\"665\" loading=\"lazy\" src=\"https:\/\/www.europesays.com\/pt\/wp-content\/uploads\/2025\/12\/filha-paul-walker-reproducao-redes-02.jpg\" width=\"800\"\/><\/p>\n","protected":false},"excerpt":{"rendered":"Meadow Walker fez uma homenagem ao pai, o ator Paul Walker, nos 12 anos de sua tr\u00e1gica morte&hellip;\n","protected":false},"author":2,"featured_media":171919,"comment_status":"","ping_status":"","sticky":false,"template":"","format":"standard","meta":{"footnotes":""},"categories":[145],"tags":[996,1244,35974,211,210,4584,114,115,981,1127,471,35972,2595,997,17744,35971,32,33,35973,25632],"class_list":{"0":"post-171918","1":"post","2":"type-post","3":"status-publish","4":"format-standard","5":"has-post-thumbnail","7":"category-celebridades","8":"tag-aniversario","9":"tag-ator","10":"tag-brian-oconner","11":"tag-celebridades","12":"tag-celebrities","13":"tag-dom","14":"tag-entertainment","15":"tag-entretenimento","16":"tag-familia","17":"tag-filha","18":"tag-filme","19":"tag-furiosos","20":"tag-hollywood","21":"tag-homenagem","22":"tag-modelo","23":"tag-paul-walker","24":"tag-portugal","25":"tag-pt","26":"tag-velozes","27":"tag-vin-diesel"},"share_on_mastodon":{"url":"https:\/\/pubeurope.com\/@pt\/115645046468489650","error":""},"_links":{"self":[{"href":"https:\/\/www.europesays.com\/pt\/wp-json\/wp\/v2\/posts\/171918","targetHints":{"allow":["GET"]}}],"collection":[{"href":"https:\/\/www.europesays.com\/pt\/wp-json\/wp\/v2\/posts"}],"about":[{"href":"https:\/\/www.europesays.com\/pt\/wp-json\/wp\/v2\/types\/post"}],"author":[{"embeddable":true,"href":"https:\/\/www.europesays.com\/pt\/wp-json\/wp\/v2\/users\/2"}],"replies":[{"embeddable":true,"href":"https:\/\/www.europesays.com\/pt\/wp-json\/wp\/v2\/comments?post=171918"}],"version-history":[{"count":0,"href":"https:\/\/www.europesays.com\/pt\/wp-json\/wp\/v2\/posts\/171918\/revisions"}],"wp:featuredmedia":[{"embeddable":true,"href":"https:\/\/www.europesays.com\/pt\/wp-json\/wp\/v2\/media\/171919"}],"wp:attachment":[{"href":"https:\/\/www.europesays.com\/pt\/wp-json\/wp\/v2\/media?parent=171918"}],"wp:term":[{"taxonomy":"category","embeddable":true,"href":"https:\/\/www.europesays.com\/pt\/wp-json\/wp\/v2\/categories?post=171918"},{"taxonomy":"post_tag","embeddable":true,"href":"https:\/\/www.europesays.com\/pt\/wp-json\/wp\/v2\/tags?post=171918"}],"curies":[{"name":"wp","href":"https:\/\/api.w.org\/{rel}","templated":true}]}}