{"id":171926,"date":"2025-12-01T15:39:28","date_gmt":"2025-12-01T15:39:28","guid":{"rendered":"https:\/\/www.europesays.com\/pt\/171926\/"},"modified":"2025-12-01T15:39:28","modified_gmt":"2025-12-01T15:39:28","slug":"dark-horse-filme-sobre-bolsonaro-tera-elenco-internacional-com-gala-mexicano-e-mais-veja","status":"publish","type":"post","link":"https:\/\/www.europesays.com\/pt\/171926\/","title":{"rendered":"\u2018Dark Horse\u2019: Filme sobre Bolsonaro ter\u00e1 elenco internacional com gal\u00e3 mexicano e mais; veja"},"content":{"rendered":"<p data-component-name=\"paragraph\" class=\"styles__ParagraphStyled-sc-6adecn-0 gsLklW  \">O ex-presidente <a href=\"https:\/\/www.estadao.com.br\/tudo-sobre\/jair-bolsonaro\/?srsltid=AfmBOorBjzDHGJ5YxAJDr16dCY7YfyYmtB-psfNfZ7FwaKTwpie48Y04\" target=\"_blank\" rel=\"nofollow noopener\" title=\"https:\/\/www.estadao.com.br\/tudo-sobre\/jair-bolsonaro\/?srsltid=AfmBOorBjzDHGJ5YxAJDr16dCY7YfyYmtB-psfNfZ7FwaKTwpie48Y04\"><strong>Jair Bolsonaro<\/strong><\/a> ser\u00e1 tema do filme Dark Horse. A produ\u00e7\u00e3o, que pretende revisitar a campanha presidencial de 2018 e a trajet\u00f3ria do ex-mandat\u00e1rio, avan\u00e7a com novas confirma\u00e7\u00f5es no elenco.<\/p>\n<p><img  loading=\"lazy\" class=\"lazy-load-img\"\/><\/p>\n<p>Atores internacionais comp\u00f5em elenco de filme sobre Jair Bolsonaro.\u00a0Foto:  @marcusornellas\/@eddiefinlay\/@therealjimcaviezel via Instagram<\/p>\n<p data-component-name=\"paragraph\" class=\"styles__ParagraphStyled-sc-6adecn-0 gsLklW  \">Previsto para 2026, o filme reunir\u00e1 nomes de diferentes nacionalidades, incluindo um gal\u00e3 mexicano, o astro de A Paix\u00e3o de Cristo e um cineasta norte-americano. Veja os detalhes:<\/p>\n<p>Marcus Ornellas viver\u00e1 Fl\u00e1vio Bolsonaro<\/p>\n<p data-component-name=\"paragraph\" class=\"styles__ParagraphStyled-sc-6adecn-0 gsLklW  \"><strong>Marcus Ornellas<\/strong>, de 43 anos, foi escalado para interpretar o senador <strong>Fl\u00e1vio Bolsonaro <\/strong>(PL). Nascido no Brasil e residente no M\u00e9xico h\u00e1 duas d\u00e9cadas, o gal\u00e3 construiu carreira s\u00f3lida na Televisa e se tornou conhecido por pap\u00e9is em tramas populares no pa\u00eds. No Brasil, ele ganhou destaque ao protagonizar a novela Se Nos Deixam (2021), exibida pelo SBT.<\/p>\n<p>Edward Finlay como Eduardo Bolsonaro<\/p>\n<p data-component-name=\"paragraph\" class=\"styles__ParagraphStyled-sc-6adecn-0 gsLklW  \">Outro nome envolvido na produ\u00e7\u00e3o \u00e9 o de <strong>Edward Finlay<\/strong>, que viver\u00e1 o deputado federal <strong>Eduardo Bolsonaro<\/strong> (PL). Nascido em Miami, o ator \u00e9 conhecido por suas participa\u00e7\u00f5es em filmes como + Velozes + Furiosos (2003), Bad Boys II (2003) e pela s\u00e9rie Ocean Ave. (2002). <\/p>\n<p>Jim Caviezel cotado para encenar Jair Bolsonaro<\/p>\n<p data-component-name=\"paragraph\" class=\"styles__ParagraphStyled-sc-6adecn-0 gsLklW  \">O papel de Jair Bolsonaro deve ficar com <a href=\"https:\/\/www.estadao.com.br\/tudo-sobre\/jim-caviezel\/\" target=\"_blank\" rel=\"noreferrer nofollow noopener\" title=\"https:\/\/www.estadao.com.br\/tudo-sobre\/jim-caviezel\/\"><strong>Jim Caviezel<\/strong><\/a>, ator americano de 57 anos que alcan\u00e7ou fama internacional ao interpretar Jesus em A Paix\u00e3o de Cristo (2004), segundo o Correio Braziliense. Ele voltou aos holofotes com Som da Liberdade (2023), no qual viveu Tim Ballard. Caviezel tamb\u00e9m acumulou popularidade na televis\u00e3o com a s\u00e9rie Pessoa de Interesse (2011\u20132016). Embora seu nome seja associado ao projeto desde agosto, ele ainda n\u00e3o confirmou oficialmente a participa\u00e7\u00e3o.<\/p>\n<p>Cineasta Cyrus Nowrasteh dirige o projeto<\/p>\n<p data-component-name=\"paragraph\" class=\"styles__ParagraphStyled-sc-6adecn-0 gsLklW  \">A dire\u00e7\u00e3o fica a cargo do norte-americano <strong>Cyrus Nowrasteh<\/strong>, conhecido por produ\u00e7\u00f5es que dialogam com temas religiosos e pol\u00edticos. Entre seus trabalhos mais conhecidos est\u00e3o O Apedrejamento de Soraya M. (2008), O Jovem Messias (2016) e Sequestro Internacional (2019) \u2014 este \u00faltimo estrelado justamente por Caviezel. <\/p>\n","protected":false},"excerpt":{"rendered":"O ex-presidente Jair Bolsonaro ser\u00e1 tema do filme Dark Horse. A produ\u00e7\u00e3o, que pretende revisitar a campanha presidencial&hellip;\n","protected":false},"author":2,"featured_media":171927,"comment_status":"","ping_status":"","sticky":false,"template":"","format":"standard","meta":{"footnotes":""},"categories":[140],"tags":[315,114,115,147,148,864,146,32,33],"class_list":{"0":"post-171926","1":"post","2":"type-post","3":"status-publish","4":"format-standard","5":"has-post-thumbnail","7":"category-filmes","8":"tag-cultura","9":"tag-entertainment","10":"tag-entretenimento","11":"tag-film","12":"tag-filmes","13":"tag-literatura","14":"tag-movies","15":"tag-portugal","16":"tag-pt"},"share_on_mastodon":{"url":"https:\/\/pubeurope.com\/@pt\/115645065724048885","error":""},"_links":{"self":[{"href":"https:\/\/www.europesays.com\/pt\/wp-json\/wp\/v2\/posts\/171926","targetHints":{"allow":["GET"]}}],"collection":[{"href":"https:\/\/www.europesays.com\/pt\/wp-json\/wp\/v2\/posts"}],"about":[{"href":"https:\/\/www.europesays.com\/pt\/wp-json\/wp\/v2\/types\/post"}],"author":[{"embeddable":true,"href":"https:\/\/www.europesays.com\/pt\/wp-json\/wp\/v2\/users\/2"}],"replies":[{"embeddable":true,"href":"https:\/\/www.europesays.com\/pt\/wp-json\/wp\/v2\/comments?post=171926"}],"version-history":[{"count":0,"href":"https:\/\/www.europesays.com\/pt\/wp-json\/wp\/v2\/posts\/171926\/revisions"}],"wp:featuredmedia":[{"embeddable":true,"href":"https:\/\/www.europesays.com\/pt\/wp-json\/wp\/v2\/media\/171927"}],"wp:attachment":[{"href":"https:\/\/www.europesays.com\/pt\/wp-json\/wp\/v2\/media?parent=171926"}],"wp:term":[{"taxonomy":"category","embeddable":true,"href":"https:\/\/www.europesays.com\/pt\/wp-json\/wp\/v2\/categories?post=171926"},{"taxonomy":"post_tag","embeddable":true,"href":"https:\/\/www.europesays.com\/pt\/wp-json\/wp\/v2\/tags?post=171926"}],"curies":[{"name":"wp","href":"https:\/\/api.w.org\/{rel}","templated":true}]}}