{"id":171928,"date":"2025-12-01T15:40:10","date_gmt":"2025-12-01T15:40:10","guid":{"rendered":"https:\/\/www.europesays.com\/pt\/171928\/"},"modified":"2025-12-01T15:40:10","modified_gmt":"2025-12-01T15:40:10","slug":"abel-braga-polemico-no-regresso-ao-inter-nao-quero-equipa-de-veado","status":"publish","type":"post","link":"https:\/\/www.europesays.com\/pt\/171928\/","title":{"rendered":"Abel Braga pol\u00e9mico no regresso ao Inter: \u00abN\u00e3o quero equipa de &#8220;veado&#8221;\u00bb"},"content":{"rendered":"<p style=\"margin-bottom:11px\">De regresso ao comando do Internacional de Porto Alegre, Abel Braga teceu um coment\u00e1rio pol\u00e9mico referindo-se a um dos equipamentos da equipa, em tons de rosa.<\/p>\n<p>Durante a confer\u00eancia de imprensa de apresenta\u00e7\u00e3o como novo treinador do Colorado, Abel Braga partilhou com os jornalistas uma conversa tida com o diretor desportivo, Andr\u00e9s D\u2019Alessandro: \u00abEu n\u00e3o quero a porra da minha equipa a treinar de camisola rosa, parece uma equipa de veado [termo prejorativo para definir um homossexual].\u00bb<\/p>\n<p>O coment\u00e1rio foi recuperado por um jornalista momentos depois, durante a apresenta\u00e7\u00e3o, com o experiente treinador, de 73 anos, a explicar: \u00abTinha de relaxar o meu grupo, quero os jogadores fortes.\u00bb<\/p>\n<p>Eleito o substituto de Ram\u00f3n D\u00edaz, Abel Braga, que em Portugal treinou o Rio Ave, o Famalic\u00e3o, o Belenenses e o Vit\u00f3ria de Setubal entre as d\u00e9cadas de 1980 e 1990, vai orientar o Internacional de Porto Alegre nas \u00faltimas duas jornadas do Brasileir\u00e3o, a custo zero, procurando salvar a equipa da despromo\u00e7\u00e3o.<\/p>\n<p>O Inter parte para os derradeiros jogos abaixo da \u201clinha de \u00e1gua\u201d, com 41 pontos, os mesmos da primeira equipa em zona de salva\u00e7\u00e3o, o Santos. At\u00e9 ao final do campeonato, visita o S\u00e3o Paulo e recebe o Bragantino.<\/p>\n","protected":false},"excerpt":{"rendered":"De regresso ao comando do Internacional de Porto Alegre, Abel Braga teceu um coment\u00e1rio pol\u00e9mico referindo-se a um&hellip;\n","protected":false},"author":2,"featured_media":171929,"comment_status":"","ping_status":"","sticky":false,"template":"","format":"standard","meta":{"footnotes":""},"categories":[87],"tags":[35916,726,135,13645,82,1356,46,2771,32,33,47,134],"class_list":{"0":"post-171928","1":"post","2":"type-post","3":"status-publish","4":"format-standard","5":"has-post-thumbnail","7":"category-desporto","8":"tag-abel-braga","9":"tag-brasil","10":"tag-desporto","11":"tag-homofobia","12":"tag-internacional","13":"tag-mais-futebol","14":"tag-maisfutebol","15":"tag-polemica","16":"tag-portugal","17":"tag-pt","18":"tag-pura-paixao","19":"tag-sports"},"share_on_mastodon":{"url":"https:\/\/pubeurope.com\/@pt\/115645069864194140","error":""},"_links":{"self":[{"href":"https:\/\/www.europesays.com\/pt\/wp-json\/wp\/v2\/posts\/171928","targetHints":{"allow":["GET"]}}],"collection":[{"href":"https:\/\/www.europesays.com\/pt\/wp-json\/wp\/v2\/posts"}],"about":[{"href":"https:\/\/www.europesays.com\/pt\/wp-json\/wp\/v2\/types\/post"}],"author":[{"embeddable":true,"href":"https:\/\/www.europesays.com\/pt\/wp-json\/wp\/v2\/users\/2"}],"replies":[{"embeddable":true,"href":"https:\/\/www.europesays.com\/pt\/wp-json\/wp\/v2\/comments?post=171928"}],"version-history":[{"count":0,"href":"https:\/\/www.europesays.com\/pt\/wp-json\/wp\/v2\/posts\/171928\/revisions"}],"wp:featuredmedia":[{"embeddable":true,"href":"https:\/\/www.europesays.com\/pt\/wp-json\/wp\/v2\/media\/171929"}],"wp:attachment":[{"href":"https:\/\/www.europesays.com\/pt\/wp-json\/wp\/v2\/media?parent=171928"}],"wp:term":[{"taxonomy":"category","embeddable":true,"href":"https:\/\/www.europesays.com\/pt\/wp-json\/wp\/v2\/categories?post=171928"},{"taxonomy":"post_tag","embeddable":true,"href":"https:\/\/www.europesays.com\/pt\/wp-json\/wp\/v2\/tags?post=171928"}],"curies":[{"name":"wp","href":"https:\/\/api.w.org\/{rel}","templated":true}]}}