{"id":171936,"date":"2025-12-01T15:45:08","date_gmt":"2025-12-01T15:45:08","guid":{"rendered":"https:\/\/www.europesays.com\/pt\/171936\/"},"modified":"2025-12-01T15:45:08","modified_gmt":"2025-12-01T15:45:08","slug":"unita-higino-carneiro-felicita-adalberto-costa-junior-pela-sua-reeleicao-elogiando-bom-exercicio-democratico-novo-jornal","status":"publish","type":"post","link":"https:\/\/www.europesays.com\/pt\/171936\/","title":{"rendered":"UNITA: Higino Carneiro felicita Adalberto Costa J\u00fanior pela sua reelei\u00e7\u00e3o, elogiando &quot;bom exerc\u00edcio democr\u00e1tico&quot; &#8211; Novo Jornal"},"content":{"rendered":"<ol>\n<li><a href=\"https:\/\/news.google.com\/rss\/articles\/CBMi-AFBVV95cUxPcTZxclpxQ1k4Q1lwNVgzcDh1bi00dkcycjJfZlNFLUZwVmRTeW44TjFzdXBBVVhBZXJ3Vm9XMGJxTG9wdkRWTDFPd3BwcE5MeHhtckpuNjJsNFo4NklFdVA5OTNqTy02TzNialVyYlNZc3kyQV9JZWJUVHg5akRzSjFuaEdCN0ZQejdBZE4wZm5Xd0VxcUZXVUhTVWJJRF90Wm5ad015enVhR1lUNnBFX01NRnpiUWFESDNSUHJCTzBFNFNxTmMyNlJ4a0d2ekxvS08weklwbXRzRUdrb2QwVS12b0sxNVdlYjRaa2MyeG4zcmJVcFNnVw?oc=5\" target=\"_blank\" rel=\"nofollow noopener\">UNITA: Higino Carneiro felicita Adalberto Costa J\u00fanior pela sua reelei\u00e7\u00e3o, elogiando &#8220;bom exerc\u00edcio democr\u00e1tico&#8221;<\/a>&nbsp;&nbsp;Novo Jornal<\/li>\n<li><a href=\"https:\/\/news.google.com\/rss\/articles\/CBMiiwFBVV95cUxNRWZmWjlPZEU0dG1WNUlsMS1YWTRydVdIMVI3RHl4RC1KbmhNMVdtZEZ1RUFDWno0S1hYUnpkd0ZoM2k2WTQzREs4WEFDa3hCMU9lbDE5d0FyWU1sUkdYWEFMOHZxOXdieUxyVGRKdnFNbF80MElEZ2FqMzNhLTgyNW1rN0hGRHppSDd3?oc=5\" target=\"_blank\" rel=\"nofollow noopener\">1 de Dezembro de 2025 &#8211; Jornal da Manh\u00e3<\/a>&nbsp;&nbsp;DW<\/li>\n<li><a href=\"https:\/\/news.google.com\/rss\/articles\/CBMioAFBVV95cUxQNnUxaS1TWFJRQldCS1dma2RRRHlVT1pkTHFjVS1DQWM4c0JSODZ1LVNLOERXWUszQmRTOGFWTS1WX2dIendpSVpUUUo0bHQwTDBhY3lBdjZZR2pYNS1xcnNIWTEtVE1TMjhjTlRUSEt0Q2FOUkQ2OURhWjlQU05NenFsekpzcnRkdGNJbDNtWUUzMEtlNzJMSk9VNUhfeXhL?oc=5\" target=\"_blank\" rel=\"nofollow noopener\">Liberty Chiaka \u00e9 o novo secret\u00e1rio-geral da UNITA &#8211; Angola24Horas &#8211; Portal de Noticias Online<\/a>&nbsp;&nbsp;ybl-clinic.com.tw<\/li>\n<li><a href=\"https:\/\/news.google.com\/rss\/articles\/CBMikAJBVV95cUxOYVlwNWh0YldGMVRLWTBabnQ3ZWMyVnpZNVZmSFpyVGs3MmhLcy1mdnZ2aDNOVXpobi1PMHdpX2RuUTZTQVRfS2tsWnNoR3BQUGpGLXlJUUJzYVVkbjljMWNJNldTQ0FNcHM4bEIzVnVlMjBvdDZvR0JOZzRwZy1jZERmOFdZRVRlMG8zUGltQWIwZnJwTTBmSTRCNUQwaW5ybjVTRC04bTNUN3pxSFFmVHFmckt2MktNZmZaWXhEOEJDZkxHaHlQTGRQUENSbzVkNGNpMGxiWHEtTUxLQWtRZF9TMHdrY0hWMzJmQXI3QzhuNEpmcl9UNUw3RjZfSXlQRXFXWXFuYU5sS05XbW0yQw?oc=5\" target=\"_blank\" rel=\"nofollow noopener\">ACJ promete &#8220;partido unido&#8221; para enfrentar 2027 e construir Pa\u00eds &#8220;em que o patriotismo ter\u00e1 de estar acima das diferen\u00e7as partid\u00e1rias&#8221;<\/a>&nbsp;&nbsp;Novo Jornal<\/li>\n<li><a href=\"https:\/\/news.google.com\/rss\/articles\/CBMiswFBVV95cUxOM3owU1RLcEM4YjlEd0pXNUFRQUpzRjVxVkYzS3VBUHRRZ3l3bENCekJLZVNxUzlGSVlHcVlyZkx5Y2o1QlZTdkkxd2s3WEhSS2trQ1NSYUxSSEhDTl9CZEEzTVVDNG56aHNyM3NVVzJOQkV6bGp2SGpxNGJmcDN0cGo1YVVmdEg3UHp1a2VVVFFkSnI0R21LX2lTY0VGYTRoajMxNjBJYjAtR1NTQXFVV09acw?oc=5\" target=\"_blank\" rel=\"nofollow noopener\">Massanga Savimbi diz que tradi\u00e7\u00e3o democr\u00e1tica da UNITA pode inspirar Angola<\/a>&nbsp;&nbsp;Correio da Manh\u00e3 Canad\u00e1<\/li>\n<\/ol>\n","protected":false},"excerpt":{"rendered":"UNITA: Higino Carneiro felicita Adalberto Costa J\u00fanior pela sua reelei\u00e7\u00e3o, elogiando &#8220;bom exerc\u00edcio democr\u00e1tico&#8221;&nbsp;&nbsp;Novo Jornal 1 de Dezembro&hellip;\n","protected":false},"author":2,"featured_media":161252,"comment_status":"","ping_status":"","sticky":false,"template":"","format":"standard","meta":{"footnotes":""},"categories":[50],"tags":[27,28,15,16,14,25,26,21,22,62,12,13,19,20,23,24,17,18,29,30,31,63,64,65],"class_list":{"0":"post-171936","1":"post","2":"type-post","3":"status-publish","4":"format-standard","5":"has-post-thumbnail","7":"category-mundo","8":"tag-breaking-news","9":"tag-breakingnews","10":"tag-featured-news","11":"tag-featurednews","12":"tag-headlines","13":"tag-latest-news","14":"tag-latestnews","15":"tag-main-news","16":"tag-mainnews","17":"tag-mundo","18":"tag-news","19":"tag-noticias","20":"tag-noticias-principais","21":"tag-noticiasprincipais","22":"tag-principais-noticias","23":"tag-principaisnoticias","24":"tag-top-stories","25":"tag-topstories","26":"tag-ultimas","27":"tag-ultimas-noticias","28":"tag-ultimasnoticias","29":"tag-world","30":"tag-world-news","31":"tag-worldnews"},"share_on_mastodon":{"url":"https:\/\/pubeurope.com\/@pt\/115645089394662522","error":""},"_links":{"self":[{"href":"https:\/\/www.europesays.com\/pt\/wp-json\/wp\/v2\/posts\/171936","targetHints":{"allow":["GET"]}}],"collection":[{"href":"https:\/\/www.europesays.com\/pt\/wp-json\/wp\/v2\/posts"}],"about":[{"href":"https:\/\/www.europesays.com\/pt\/wp-json\/wp\/v2\/types\/post"}],"author":[{"embeddable":true,"href":"https:\/\/www.europesays.com\/pt\/wp-json\/wp\/v2\/users\/2"}],"replies":[{"embeddable":true,"href":"https:\/\/www.europesays.com\/pt\/wp-json\/wp\/v2\/comments?post=171936"}],"version-history":[{"count":0,"href":"https:\/\/www.europesays.com\/pt\/wp-json\/wp\/v2\/posts\/171936\/revisions"}],"wp:featuredmedia":[{"embeddable":true,"href":"https:\/\/www.europesays.com\/pt\/wp-json\/wp\/v2\/media\/161252"}],"wp:attachment":[{"href":"https:\/\/www.europesays.com\/pt\/wp-json\/wp\/v2\/media?parent=171936"}],"wp:term":[{"taxonomy":"category","embeddable":true,"href":"https:\/\/www.europesays.com\/pt\/wp-json\/wp\/v2\/categories?post=171936"},{"taxonomy":"post_tag","embeddable":true,"href":"https:\/\/www.europesays.com\/pt\/wp-json\/wp\/v2\/tags?post=171936"}],"curies":[{"name":"wp","href":"https:\/\/api.w.org\/{rel}","templated":true}]}}