{"id":171937,"date":"2025-12-01T15:46:09","date_gmt":"2025-12-01T15:46:09","guid":{"rendered":"https:\/\/www.europesays.com\/pt\/171937\/"},"modified":"2025-12-01T15:46:09","modified_gmt":"2025-12-01T15:46:09","slug":"manuel-pedro-historico-militante-do-pcp-morre-aos-94-anos-politica","status":"publish","type":"post","link":"https:\/\/www.europesays.com\/pt\/171937\/","title":{"rendered":"Manuel Pedro, hist\u00f3rico militante do PCP, morre aos 94 anos | Pol\u00edtica"},"content":{"rendered":"<p>O resistente antifascista e militante do PCP Manuel Pedro morreu aos 94 anos, informou o Secretariado do Comit\u00e9 Central do Partido Comunista Portugu\u00eas, em comunicado.<\/p>\n<p>Nascido em Lisboa a 19 de Agosto de 1931, Manuel Pedro era membro do PCP desde 1956, tendo entrado para os quadros de funcion\u00e1rios do PCP em Maio de 1959. Esteve preso por tr\u00eas vezes, tendo totalizado 11 anos de pris\u00e3o.<\/p>\n<p>\u201cEm todas elas enfrentou com grande coragem <a href=\"https:\/\/www.publico.pt\/2021\/02\/14\/politica\/noticia\/portugueses-vitimas-cumplices-pide-1949847\" rel=\"nofollow noopener\" target=\"_blank\">o embate com os esbirros da PIDE <\/a>[Pol\u00edcia Internacional e de Defesa do Estado]\u201d, salientou o partido, que informou da sua morte \u201ccom profunda m\u00e1goa e tristeza\u201d, transmitindo \u201c\u00e0s suas filhas, netas e bisnetos as suas sentidas condol\u00eancias\u201d.<\/p>\n<p>O corpo de Manuel Pedro vai estar em c\u00e2mara ardente, a partir das 17h30, na capela da Boa Hora, na Ajuda, em Lisboa, e o funeral realiza-se na ter\u00e7a-feira, 2 de Dezembro, saindo pelas 13h30 para o cemit\u00e9rio de Barcarena, onde ser\u00e1 cremado pelas 14h40.<\/p>\n<p>Manuel Pedro foi um dos fundadores e dirigente do <a href=\"https:\/\/www.publico.pt\/2025\/07\/24\/culturaipsilon\/reportagem\/cineclubes-estao-aqui-publico-2134012\" rel=\"nofollow noopener\" target=\"_blank\">Cineclube Imagem<\/a> e fez parte da delega\u00e7\u00e3o de jovens portugueses ao 6.\u00ba Festival Internacional da Juventude e dos Estudantes em Moscovo, em 1957.<\/p>\n<p>Foi preso pela primeira vez em 1958, quando era empregado de seguros, e pela segunda vez em 1959, j\u00e1 nos quadros de funcion\u00e1rios do PCP.<\/p>\n<p>Enquanto funcion\u00e1rio clandestino foi respons\u00e1vel pelo Sector do Baixo-Ribatejo, membro da Direc\u00e7\u00e3o Regional de Lisboa e do Comit\u00e9 Local de Lisboa at\u00e9 \u00e0 sua \u00faltima pris\u00e3o, em Maio de 1969. &#8220;Ao longo da sua vida de revolucion\u00e1rio teve sempre a seu lado a sua companheira Maria J\u00falia. Com ela compartilhou a vida clandestina, as agruras da repress\u00e3o fascista, da pris\u00e3o e a separa\u00e7\u00e3o das filhas&#8221;, real\u00e7ou o partido.<\/p>\n<p>Manuel Pedro <a href=\"https:\/\/www.publico.pt\/peniche-a-fortaleza-do-regime-de-salazar\" rel=\"nofollow noopener\" target=\"_blank\">foi libertado do Forte de Peniche<\/a> a 27 de Abril de 1974, <a href=\"https:\/\/www.publico.pt\/2014\/04\/27\/fotogaleria\/reivindicacoes-de-militares-tres-dias-apos-a-revolucao-333620\" rel=\"nofollow noopener\" target=\"_blank\">dois dias ap\u00f3s a Revolu\u00e7\u00e3o do 25 de Abril<\/a>, assumindo de imediato tarefas na Organiza\u00e7\u00e3o Regional de Lisboa.<\/p>\n<p>Foi ainda membro do Comit\u00e9 Central do PCP de 1974 at\u00e9 1988 e, segundo a mesma nota, &#8220;enquanto lhe foi fisicamente poss\u00edvel, desempenhou tarefas junto dos organismo executivos do Comit\u00e9 Central&#8221;.<\/p>\n<p>Manuel Pedro tem dois livros editados sobre a sua experi\u00eancia de vida e milit\u00e2ncia: Sonhos de Poeta, Vida de Revolucion\u00e1rio e Resistentes.<\/p>\n<p>&#8220;Com uma vida entregue ao partido, ao seu ideal e projecto, Manuel Pedro \u00e9 um exemplo de coragem, frontalidade e firmeza, exemplo de militante inteiramente dedicado aos interesses dos trabalhadores e do povo, na luta di\u00e1ria por um Portugal democr\u00e1tico, tendo sempre presente a constru\u00e7\u00e3o do socialismo e do comunismo&#8221;, sublinhou o PCP.<\/p>\n","protected":false},"excerpt":{"rendered":"O resistente antifascista e militante do PCP Manuel Pedro morreu aos 94 anos, informou o Secretariado do Comit\u00e9&hellip;\n","protected":false},"author":2,"featured_media":171938,"comment_status":"","ping_status":"","sticky":false,"template":"","format":"standard","meta":{"footnotes":""},"categories":[10],"tags":[27,28,15,16,14,25,26,797,21,22,12,13,19,20,31407,3596,35978,52,32,23,24,33,17,18,29,30,31],"class_list":{"0":"post-171937","1":"post","2":"type-post","3":"status-publish","4":"format-standard","5":"has-post-thumbnail","7":"category-portugal","8":"tag-breaking-news","9":"tag-breakingnews","10":"tag-featured-news","11":"tag-featurednews","12":"tag-headlines","13":"tag-latest-news","14":"tag-latestnews","15":"tag-lisboa","16":"tag-main-news","17":"tag-mainnews","18":"tag-news","19":"tag-noticias","20":"tag-noticias-principais","21":"tag-noticiasprincipais","22":"tag-partido-comunista-portugues","23":"tag-pcp","24":"tag-pide","25":"tag-politica","26":"tag-portugal","27":"tag-principais-noticias","28":"tag-principaisnoticias","29":"tag-pt","30":"tag-top-stories","31":"tag-topstories","32":"tag-ultimas","33":"tag-ultimas-noticias","34":"tag-ultimasnoticias"},"share_on_mastodon":{"url":"https:\/\/pubeurope.com\/@pt\/115645093129283454","error":""},"_links":{"self":[{"href":"https:\/\/www.europesays.com\/pt\/wp-json\/wp\/v2\/posts\/171937","targetHints":{"allow":["GET"]}}],"collection":[{"href":"https:\/\/www.europesays.com\/pt\/wp-json\/wp\/v2\/posts"}],"about":[{"href":"https:\/\/www.europesays.com\/pt\/wp-json\/wp\/v2\/types\/post"}],"author":[{"embeddable":true,"href":"https:\/\/www.europesays.com\/pt\/wp-json\/wp\/v2\/users\/2"}],"replies":[{"embeddable":true,"href":"https:\/\/www.europesays.com\/pt\/wp-json\/wp\/v2\/comments?post=171937"}],"version-history":[{"count":0,"href":"https:\/\/www.europesays.com\/pt\/wp-json\/wp\/v2\/posts\/171937\/revisions"}],"wp:featuredmedia":[{"embeddable":true,"href":"https:\/\/www.europesays.com\/pt\/wp-json\/wp\/v2\/media\/171938"}],"wp:attachment":[{"href":"https:\/\/www.europesays.com\/pt\/wp-json\/wp\/v2\/media?parent=171937"}],"wp:term":[{"taxonomy":"category","embeddable":true,"href":"https:\/\/www.europesays.com\/pt\/wp-json\/wp\/v2\/categories?post=171937"},{"taxonomy":"post_tag","embeddable":true,"href":"https:\/\/www.europesays.com\/pt\/wp-json\/wp\/v2\/tags?post=171937"}],"curies":[{"name":"wp","href":"https:\/\/api.w.org\/{rel}","templated":true}]}}