{"id":171945,"date":"2025-12-01T15:54:20","date_gmt":"2025-12-01T15:54:20","guid":{"rendered":"https:\/\/www.europesays.com\/pt\/171945\/"},"modified":"2025-12-01T15:54:20","modified_gmt":"2025-12-01T15:54:20","slug":"sporting-b-volta-as-vitorias-benfica-b-reforcado-continua-afundado","status":"publish","type":"post","link":"https:\/\/www.europesays.com\/pt\/171945\/","title":{"rendered":"Sporting B volta \u00e0s vit\u00f3rias. Benfica B (refor\u00e7ado) continua afundado"},"content":{"rendered":"<p>O Sporting B regressou, este domingo, \u00e0s vit\u00f3rias na II Liga, recebendo e batendo o Farense (3-1), em jogo da 12.\u00aa jornada da II Liga, mantendo-se na persegui\u00e7\u00e3o ao l\u00edder Mar\u00edtimo. Os le\u00f5es vinham de uma s\u00e9rie de dois empates consecutivos, que valeram a perda da lideran\u00e7a isolada, mas voltaram a sorrir na Academia Cristiano Ronaldo, em Alcochete, frente aos algarvios.<\/p>\n<p>Paulo Cardoso abriu o marcador logo aos 18 minutos e colocou o Sporting B na frente do marcador.\u00a0<\/p>\n<p>Manuel Mendon\u00e7a aumentou a contagem aos 33 minutos, mas viu o VAR entrar em a\u00e7\u00e3o para anular o tento.\u00a0<\/p>\n<p>No entanto, e ainda antes do intervalo, Rafael Nel conseguiu mesmo ampliar a vantagem dos le\u00f5es secund\u00e1rios, com um remate certeiro j\u00e1 nos descontos da primeira parte.\u00a0<\/p>\n<p>Na segunda parte, o Farense tentou responder e procurar um golo que relan\u00e7asse o jogo, mas foi mesmo o Sporting B quem voltou agitar o marcador.\u00a0<\/p>\n<p>Aos 71 minutos, Fl\u00e1vio Gon\u00e7alves teve tempo e espa\u00e7o para tamb\u00e9m fazer o gosto ao p\u00e9, mas atirou com estrondo ao ferro. Na sequ\u00eancia do lance, Manuel Mendon\u00e7a obrigou Brian Ara\u00fajo a uma grande defesa.\u00a0<\/p>\n<p>Fl\u00e1vio ficou bastante frustrado com o lance, mas redimiu-se pouco tempo depois, atrav\u00e9s de um belo golo, ap\u00f3s jogada individual, aos 76 minutos.\u00a0<\/p>\n<p>Ainda antes do apito final, o Farense conseguiu apontar o tento de honra atrav\u00e9s de um pequeno toque na sequ\u00eancia de um canto.\u00a0<\/p>\n<p>Com este resultado, o Sporting B soma agora 26 pontos, os mesmos do Mar\u00edtimo, que este domingo tamb\u00e9m mediu for\u00e7as com uma forma\u00e7\u00e3o algarvia, o Portimonense, e <a href=\"https:\/\/www.noticiasaominuto.com\/desporto\/2897240\/nem-a-expulsao-estragou-a-estreia-de-moita-maritimo-vence-no-algarve\" target=\"_blank\" rel=\"noopener nofollow\">venceu (2-0) mesmo jogando com 10 unidades.\u00a0\u00a0<\/a><\/p>\n<p>No entanto, s\u00e3o mesmo os insulares quem v\u00e3o ocupando o primeiro lugar, uma vez que t\u00eam vantagem no confronto direto, fruto da vit\u00f3ria em Alcochete, frente ao Sporting, no final de setembro.\u00a0<\/p>\n<p>                                                    Benfica B continua em crise\u00a0<\/p>\n<p>Na ponta oposta da tabela classificativa continua o Benfica B, que \u00e0 mesma hora n\u00e3o foi al\u00e9m de um empate na visita \u00e0 Uni\u00e3o de Leiria (2-2). A forma\u00e7\u00e3o orientada por N\u00e9lson Ver\u00edssimo continua em zona de descida e j\u00e1 n\u00e3o vence h\u00e1 precisamente um m\u00eas, apesar de ter recebido como &#8216;refor\u00e7os&#8217; para este jogo jogadores da equipa A como Jo\u00e3o R\u00eago, Rafael Obrador, Jo\u00e3o Veloso, Diogo Prioste e Ivan Lima.\u00a0<\/p>\n<p>A Uni\u00e3o de Leiria aproveitou o fator casa para entrar melhor e Lucho Vega abriu as contas no Est\u00e1dio Municipal Dr. Magalh\u00e3es Pessoa aos 36 minutos.<\/p>\n<p>&#13;<br \/>\n                                                    &#13;\n                                                    <\/p>\n<p>O Benfica conseguiu reagir ainda na primeira parte, com o defesa Gon\u00e7alo Oliveira a restabelecer o empate ao s\u00e9timo minuto de descontos da primeira metade.\u00a0<\/p>\n<p>&#13;<br \/>\n                                                    &#13;\n                                                    <\/p>\n<p>Ap\u00f3s o intervalo repetiu-se o mesmo filme, mesmo depois do Benfica B ficar reduzido a 10 jogadores por conta da expuls\u00e3o de Dudu aos 52 minutos.<\/p>\n<p>A Uni\u00e3o voltou \u00e0 vantagem, gra\u00e7as ao tento de Z\u00e9 Pedro (55&#8242;), mas viu os visitantes a recuperarem a igualdade. Depois de assistir, foi a vez de Jelani Trevisan (58&#8242;) inscrever o nome na lista dos marcadores.\u00a0<\/p>\n<p>&#13;<br \/>\n                                                    &#13;\n                                                    <\/p>\n<p>&#13;<br \/>\n                                                    &#13;\n                                                    <\/p>\n<p>Feitas as contas, o Benfica B segue em crise, chega aos 11 pontos e continua na zona de descida, em igualdade pontual com FC Porto B e Pa\u00e7os de Ferreira. A equipa do Seixal somou o terceiro jogo consecutivo sem vencer e a \u00faltima vit\u00f3ria remonta a 30 de outubro.\u00a0<\/p>\n<p>Por seu turno, a Uni\u00e3o de Leiria falhou o assalto ao p\u00f3dio, ficando com 20 pontos, a um do Acad\u00e9mico de Viseu, terceiro classificado que fecha um p\u00f3dio que conta com Mar\u00edtimo e Sporting B.\u00a0<\/p>\n<p>                                                    O que se segue?\u00a0<\/p>\n<p>Nota para os jogos de Sporting B e Benfica B na pr\u00f3xima jornada. Os le\u00f5es de Jo\u00e3o Gi\u00e3o v\u00e3o visitar o Felgueiras, ao passo que a turma de Ver\u00edssimo vai receber a Oliveirense.\u00a0<\/p>\n<p>Por seu turno, a Uni\u00e3o de Leiria vai visitar o Penafiel e o Farense recebe o Vizela.\u00a0<\/p>\n<p>Leia Tamb\u00e9m: <a href=\"https:\/\/www.noticiasaominuto.com\/desporto\/2897240\/nem-a-expulsao-estragou-a-estreia-de-moita-maritimo-vence-no-algarve\" target=\"_blank\" rel=\"noopener noreferrer nofollow\">Nem a expuls\u00e3o estragou a estreia de Moita. Mar\u00edtimo n\u00e3o larga lideran\u00e7a<\/a><\/p>\n","protected":false},"excerpt":{"rendered":"O Sporting B regressou, este domingo, \u00e0s vit\u00f3rias na II Liga, recebendo e batendo o Farense (3-1), em&hellip;\n","protected":false},"author":2,"featured_media":171946,"comment_status":"","ping_status":"","sticky":false,"template":"","format":"standard","meta":{"footnotes":""},"categories":[87],"tags":[135,32,33,134],"class_list":{"0":"post-171945","1":"post","2":"type-post","3":"status-publish","4":"format-standard","5":"has-post-thumbnail","7":"category-desporto","8":"tag-desporto","9":"tag-portugal","10":"tag-pt","11":"tag-sports"},"share_on_mastodon":{"url":"https:\/\/pubeurope.com\/@pt\/115645124769162173","error":""},"_links":{"self":[{"href":"https:\/\/www.europesays.com\/pt\/wp-json\/wp\/v2\/posts\/171945","targetHints":{"allow":["GET"]}}],"collection":[{"href":"https:\/\/www.europesays.com\/pt\/wp-json\/wp\/v2\/posts"}],"about":[{"href":"https:\/\/www.europesays.com\/pt\/wp-json\/wp\/v2\/types\/post"}],"author":[{"embeddable":true,"href":"https:\/\/www.europesays.com\/pt\/wp-json\/wp\/v2\/users\/2"}],"replies":[{"embeddable":true,"href":"https:\/\/www.europesays.com\/pt\/wp-json\/wp\/v2\/comments?post=171945"}],"version-history":[{"count":0,"href":"https:\/\/www.europesays.com\/pt\/wp-json\/wp\/v2\/posts\/171945\/revisions"}],"wp:featuredmedia":[{"embeddable":true,"href":"https:\/\/www.europesays.com\/pt\/wp-json\/wp\/v2\/media\/171946"}],"wp:attachment":[{"href":"https:\/\/www.europesays.com\/pt\/wp-json\/wp\/v2\/media?parent=171945"}],"wp:term":[{"taxonomy":"category","embeddable":true,"href":"https:\/\/www.europesays.com\/pt\/wp-json\/wp\/v2\/categories?post=171945"},{"taxonomy":"post_tag","embeddable":true,"href":"https:\/\/www.europesays.com\/pt\/wp-json\/wp\/v2\/tags?post=171945"}],"curies":[{"name":"wp","href":"https:\/\/api.w.org\/{rel}","templated":true}]}}