{"id":171953,"date":"2025-12-01T15:59:19","date_gmt":"2025-12-01T15:59:19","guid":{"rendered":"https:\/\/www.europesays.com\/pt\/171953\/"},"modified":"2025-12-01T15:59:19","modified_gmt":"2025-12-01T15:59:19","slug":"bar-britanico-proibiu-a-entrada-de-clientes-sozinhos-a-noite-seguiu-se-a-polemica","status":"publish","type":"post","link":"https:\/\/www.europesays.com\/pt\/171953\/","title":{"rendered":"Bar brit\u00e2nico proibiu a entrada de clientes sozinhos \u00e0 noite. Seguiu-se a pol\u00e9mica"},"content":{"rendered":"<p class=\"wp-caption-text top\"><a href=\"https:\/\/depositphotos.com\/photo\/happy-friends-with-drinks-talking-at-bar-or-pub-78627228.html\" rel=\"nofollow noopener noreferrer\" data-wpel-link=\"exclude\" target=\"_blank\">Syda_Productions  \/ Depositphotos <\/a><\/p>\n<p><img decoding=\"async\" loading=\"lazy\" class=\"wp-image-640551 size-kopa-image-size-3\" src=\"https:\/\/www.europesays.com\/pt\/wp-content\/uploads\/2025\/12\/0b41f873f25c021494daea3cdc3c66e5-783x450.jpg\" alt=\"\" width=\"700\" height=\"402\"  \/><\/p>\n<p><strong>O dono do bar justifica a decis\u00e3o com a preocupa\u00e7\u00e3o com a seguran\u00e7a dos clientes. No entanto, h\u00e1 quem considere que a medida estigmatiza os clientes sozinhos e torna a cultura noturna menos acolhedora.<\/strong><\/p>\n<p>Um bar em Altrincham, Inglaterra, gerou um aceso debate online ap\u00f3s ter introduzido uma pol\u00edtica invulgar: os <strong>clientes sozinhos n\u00e3o s\u00e3o permitidos<\/strong> depois das 21h.<\/p>\n<p>O Alibi, um bar de cocktails e discoteca, publicou a regra no in\u00edcio deste m\u00eas, afirmando: \u201cEntrada proibida a pessoas sozinhas. Depois das 21h00, o Alibi n\u00e3o permite a entrada de pessoas sozinhas\u201d. A decis\u00e3o, tomada pelo propriet\u00e1rio Carl Peters, provocou rea\u00e7\u00f5es polarizadas sobre a <strong>seguran\u00e7a na vida noturna<\/strong>, os direitos dos clientes e se beber sozinho deve ser automaticamente considerado suspeito ou uma amea\u00e7a ao bem-estar no bar.<\/p>\n<p>Peters defendeu a regra num v\u00eddeo amplamente partilhado no Instagram, dizendo que a pol\u00edtica visa a gest\u00e3o de riscos, e n\u00e3o a discrimina\u00e7\u00e3o. \u201c\u00c9 o nosso trabalho manter a licen\u00e7a,<strong> garantir a seguran\u00e7a de todos<\/strong> e mitigar os riscos sempre que poss\u00edvel\u201d, explicou.<\/p>\n<p>O propriet\u00e1rio do bar revela \u00e0 <a href=\"https:\/\/www.bbc.com\/news\/articles\/cnve4eypg8zo\" data-wpel-link=\"external\" target=\"_blank\" rel=\"nofollow external noopener noreferrer\" class=\"ext-link\">BBC<\/a> que um cliente sozinho num ambiente cheio representa um desafio para o pessoal, especialmente durante emerg\u00eancias m\u00e9dicas. \u201c<strong>\u00c9 um verdadeiro pesadelo para n\u00f3s lidar com isto<\/strong>\u201d, disse, descrevendo situa\u00e7\u00f5es em que os clientes sozinhos desmaiam ou precisam de cuidados no meio da multid\u00e3o.<\/p>\n<blockquote class=\"instagram-media\" style=\"background: #FFF;border: 0;border-radius: 3px;margin: 1px;max-width: 540px;min-width: 326px;padding: 0;width: calc(100% - 2px)\" data-instgrm-captioned=\"\" data-instgrm-permalink=\"https:\/\/www.instagram.com\/reel\/DQy5BBAjEQM\/?utm_source=ig_embed&amp;utm_campaign=loading\" data-instgrm-version=\"14\">\n<\/blockquote>\n<p>Carl Peters afirmou ainda que algumas pessoas que chegam sozinhas s\u00e3o imprevis\u00edveis,<strong> entrando por vezes j\u00e1 embriagadas<\/strong> e procurando grupos para fazer companhia. Na sua experi\u00eancia, estas intera\u00e7\u00f5es podem tornar-se indesej\u00e1veis. \u201c\u00c0s vezes, se se permite a entrada de pessoas sozinhas, a raz\u00e3o de estarem sozinhas \u00e9 que n\u00e3o t\u00eam com quem falar, pelo que come\u00e7am a incomodar outros grupos\u201d, disse.<\/p>\n<p>As rea\u00e7\u00f5es online foram r\u00e1pidas e divididas. Os defensores argumentaram que a pol\u00edtica prioriza a seguran\u00e7a, principalmente para os jovens que frequentam ambientes noturnos. \u201cComo m\u00e3e de duas filhas jovens adultas, apoio a vossa pol\u00edtica. <strong>Seguran\u00e7a em grupo<\/strong>\u201c, escreveu uma comentadora. Outra acrescentou que os propriet\u00e1rios dos estabelecimentos t\u00eam o direito de impor regras que considerem proteger os seus funcion\u00e1rios e clientes.<\/p>\n<p>Mas os cr\u00edticos reagiram, apelidando a pol\u00edtica de preconceituosa e injusta para aqueles que simplesmente<strong> gostam de beber um copo sozinhos<\/strong> ou trabalham at\u00e9 tarde e querem ir a um bar antes de irem para casa. \u201cMente fechada\u201d, escreveu uma pessoa, referindo que costuma parar em bares sozinha depois do hor\u00e1rio de trabalho. Outros defenderam que proibir a entrada de clientes sozinhos refor\u00e7a as suposi\u00e7\u00f5es negativas sobre as pessoas que passam tempo sozinhas e contribui para uma <strong>cultura noturna menos acolhedora<\/strong>.<\/p>\n<p>Peters sublinha que a regra se aplica apenas durante o hor\u00e1rio de funcionamento das discotecas, quando o local fica lotado e a equipa se concentra na gest\u00e3o de grupos. Os clientes que viajam sozinhos ainda s\u00e3o bem-vindos ao in\u00edcio da noite e podem entrar depois das 21h00 se encontrarem amigos \u00e0 porta ou <strong>j\u00e1 estiverem dentro do bar<\/strong>.<\/p>\n<p>Para alguns, a pol\u00edtica do Alibi \u00e9 uma medida de seguran\u00e7a sensata; para outros, sinaliza uma mudan\u00e7a indesej\u00e1vel no sentido da fiscaliza\u00e7\u00e3o da forma como as pessoas escolhem ou n\u00e3o socializar.<\/p>\n<p>    <a href=\"https:\/\/zap.aeiou.pt\/subscrever-newsletter\" data-wpel-link=\"internal\" rel=\"nofollow noopener\" target=\"_blank\">&#13;<br \/>\n        <img loading=\"lazy\" decoding=\"async\" class=\"aligncenter size-full wp-image-575475\" src=\"https:\/\/www.europesays.com\/pt\/wp-content\/uploads\/2025\/11\/2d51fe4a0ba54894421ead1809309ed9-1-450x140.jpg\" alt=\"Subscreva a Newsletter ZAP\" width=\"450\" height=\"140\"\/>&#13;<br \/>\n    <\/a><\/p>\n<p>                <a href=\"https:\/\/whatsapp.com\/channel\/0029VaIC4EE2f3EJZPPSbR34\" data-wpel-link=\"external\" target=\"_blank\" rel=\"nofollow external noopener noreferrer\" class=\"ext-link\">&#13;<br \/>\n                    <img loading=\"lazy\" decoding=\"async\" class=\"aligncenter size-full wp-image-575475\" src=\"https:\/\/www.europesays.com\/pt\/wp-content\/uploads\/2025\/11\/c68c559d956d4ca20f435ed74a6e71e6.png\" alt=\"Siga-nos no WhatsApp\" width=\"175\" height=\"64\"\/>&#13;<br \/>\n                <\/a><\/p>\n<p>                <a href=\"https:\/\/news.google.com\/publications\/CAAiEHRwZondIV71PDjWNoqMduEqFAgKIhB0cGaJ3SFe9Tw41jaKjHbh?hl=en-US&amp;gl=US&amp;ceid=US%3Aen\" data-wpel-link=\"external\" target=\"_blank\" rel=\"nofollow external noopener noreferrer\" class=\"ext-link\">&#13;<br \/>\n                    <img loading=\"lazy\" decoding=\"async\" class=\"aligncenter size-full wp-image-575475\" src=\"https:\/\/www.europesays.com\/pt\/wp-content\/uploads\/2025\/11\/5123dd8b087b644fdb8f8603acd1bad4.png\" alt=\"Siga-nos no Google News\" width=\"176\" height=\"64\"\/>&#13;<br \/>\n                <\/a><\/p>\n<p>                <script async src=\"\/\/www.instagram.com\/embed.js\"><\/script><\/p>\n","protected":false},"excerpt":{"rendered":"Syda_Productions \/ Depositphotos O dono do bar justifica a decis\u00e3o com a preocupa\u00e7\u00e3o com a seguran\u00e7a dos clientes.&hellip;\n","protected":false},"author":2,"featured_media":171954,"comment_status":"","ping_status":"","sticky":false,"template":"","format":"standard","meta":{"footnotes":""},"categories":[50],"tags":[27,28,15,16,14,25,26,21,22,62,12,13,19,20,23,24,713,17,18,29,30,31,63,64,65],"class_list":{"0":"post-171953","1":"post","2":"type-post","3":"status-publish","4":"format-standard","5":"has-post-thumbnail","7":"category-mundo","8":"tag-breaking-news","9":"tag-breakingnews","10":"tag-featured-news","11":"tag-featurednews","12":"tag-headlines","13":"tag-latest-news","14":"tag-latestnews","15":"tag-main-news","16":"tag-mainnews","17":"tag-mundo","18":"tag-news","19":"tag-noticias","20":"tag-noticias-principais","21":"tag-noticiasprincipais","22":"tag-principais-noticias","23":"tag-principaisnoticias","24":"tag-reino-unido","25":"tag-top-stories","26":"tag-topstories","27":"tag-ultimas","28":"tag-ultimas-noticias","29":"tag-ultimasnoticias","30":"tag-world","31":"tag-world-news","32":"tag-worldnews"},"share_on_mastodon":{"url":"https:\/\/pubeurope.com\/@pt\/115645144677715989","error":""},"_links":{"self":[{"href":"https:\/\/www.europesays.com\/pt\/wp-json\/wp\/v2\/posts\/171953","targetHints":{"allow":["GET"]}}],"collection":[{"href":"https:\/\/www.europesays.com\/pt\/wp-json\/wp\/v2\/posts"}],"about":[{"href":"https:\/\/www.europesays.com\/pt\/wp-json\/wp\/v2\/types\/post"}],"author":[{"embeddable":true,"href":"https:\/\/www.europesays.com\/pt\/wp-json\/wp\/v2\/users\/2"}],"replies":[{"embeddable":true,"href":"https:\/\/www.europesays.com\/pt\/wp-json\/wp\/v2\/comments?post=171953"}],"version-history":[{"count":0,"href":"https:\/\/www.europesays.com\/pt\/wp-json\/wp\/v2\/posts\/171953\/revisions"}],"wp:featuredmedia":[{"embeddable":true,"href":"https:\/\/www.europesays.com\/pt\/wp-json\/wp\/v2\/media\/171954"}],"wp:attachment":[{"href":"https:\/\/www.europesays.com\/pt\/wp-json\/wp\/v2\/media?parent=171953"}],"wp:term":[{"taxonomy":"category","embeddable":true,"href":"https:\/\/www.europesays.com\/pt\/wp-json\/wp\/v2\/categories?post=171953"},{"taxonomy":"post_tag","embeddable":true,"href":"https:\/\/www.europesays.com\/pt\/wp-json\/wp\/v2\/tags?post=171953"}],"curies":[{"name":"wp","href":"https:\/\/api.w.org\/{rel}","templated":true}]}}