{"id":171955,"date":"2025-12-01T16:00:17","date_gmt":"2025-12-01T16:00:17","guid":{"rendered":"https:\/\/www.europesays.com\/pt\/171955\/"},"modified":"2025-12-01T16:00:17","modified_gmt":"2025-12-01T16:00:17","slug":"maior-investimento-unico-de-58-mil-milhoes-nas-forcas-armadas","status":"publish","type":"post","link":"https:\/\/www.europesays.com\/pt\/171955\/","title":{"rendered":"Maior Investimento \u00danico de 5,8 Mil Milh\u00f5es nas For\u00e7as Armadas"},"content":{"rendered":"<p>O ministro da Defesa destacou esta segunda-feira, 1, o \u201cmaior investimento de uma vez s\u00f3\u201d nas For\u00e7as Armadas nas cerim\u00f3nias do 1.\u00aa de Dezembro, a \u00faltima de Marcelo Rebelo de Sousa, que ouviu palavras de desagrado de um grupo de nacionalistas.<\/p>\n<p>Nuno Melo referia-se \u00e0 candidatura formal de Portugal ao programa europeu de empr\u00e9stimos para a Defesa SAFE, no valor de 5,8 mil milh\u00f5es de euros, aprovada na sexta-feira em Conselho de Ministros.<\/p>\n<p>\u201c\u00c9 o maior investimento de uma vez s\u00f3 nas For\u00e7as Armadas, dotando-as de equipamentos que s\u00e3o absolutamente necess\u00e1rios para o cumprimento das miss\u00f5es dentro e fora de Portugal\u201d, afirmou o ministro da Defesa, que representou o primeiro-ministro nas cerim\u00f3nias comemorativas da Restaura\u00e7\u00e3o da Independ\u00eancia de Portugal, nos Restauradores (em Lisboa).<\/p>\n<p>Nuno Melo remeteu para os pr\u00f3ximos dias mais detalhes sobre os equipamentos em que Portugal investir\u00e1 no \u00e2mbito deste programa europeu para a pr\u00f3xima d\u00e9cada, e tamb\u00e9m sobre os juros a pagar, dizendo tratar-se de \u201cnavios, ve\u00edculos blindados, sat\u00e9lites, muni\u00e7\u00f5es, drones\u201d.<\/p>\n<p>\u201cSer\u00e3o investimentos em todos os dom\u00ednios, terra, mar, ar e espa\u00e7o (\u2026) Tudo aquilo que \u00e9 absolutamente necess\u00e1rio em For\u00e7as Armadas, que tem grande parte do seu equipamento j\u00e1 muito ultrapassado, em fim de ciclo, e este esfor\u00e7o \u00e9 determinante\u201d, afirmou.<\/p>\n<p>Marcelo Rebelo de Sousa que, como \u00e9 habitual n\u00e3o discursou na cerim\u00f3nia, dirigiu-se no final a uma das laterais da Pra\u00e7a dos Restauradores para cumprimentar membros uma associa\u00e7\u00e3o amigos de Oliven\u00e7a.<\/p>\n<p>No entanto, ao lado estavam outros populares (cerca de uma dezena) com uma faixa onde lia \u201cportugueses primeiro\u201d, que aproveitaram a proximidade do chefe de Estado para lhe deixarem algumas palavras de desagrado.<\/p>\n<p>\u201cEstou muito feliz que vai terminar o seu consulado e vai-se embora do pa\u00eds\u201d, disse um deles, com outro a confront\u00e1-lo com o casos de alegado favorecimento a duas crian\u00e7as g\u00e9meas no Servi\u00e7o Nacional de Sa\u00fade, um incidente que durou breves momentos antes de o chefe de Estado entrar no carro.<\/p>\n","protected":false},"excerpt":{"rendered":"O ministro da Defesa destacou esta segunda-feira, 1, o \u201cmaior investimento de uma vez s\u00f3\u201d nas For\u00e7as Armadas&hellip;\n","protected":false},"author":2,"featured_media":171956,"comment_status":"","ping_status":"","sticky":false,"template":"","format":"standard","meta":{"footnotes":""},"categories":[10],"tags":[27,28,15,16,6293,14,9399,25,26,21,22,12,13,19,20,7219,32,23,24,33,17,18,29,30,31],"class_list":{"0":"post-171955","1":"post","2":"type-post","3":"status-publish","4":"format-standard","5":"has-post-thumbnail","7":"category-portugal","8":"tag-breaking-news","9":"tag-breakingnews","10":"tag-featured-news","11":"tag-featurednews","12":"tag-forcas-armadas","13":"tag-headlines","14":"tag-investimento","15":"tag-latest-news","16":"tag-latestnews","17":"tag-main-news","18":"tag-mainnews","19":"tag-news","20":"tag-noticias","21":"tag-noticias-principais","22":"tag-noticiasprincipais","23":"tag-nuno-melo","24":"tag-portugal","25":"tag-principais-noticias","26":"tag-principaisnoticias","27":"tag-pt","28":"tag-top-stories","29":"tag-topstories","30":"tag-ultimas","31":"tag-ultimas-noticias","32":"tag-ultimasnoticias"},"share_on_mastodon":{"url":"https:\/\/pubeurope.com\/@pt\/115645148300295588","error":""},"_links":{"self":[{"href":"https:\/\/www.europesays.com\/pt\/wp-json\/wp\/v2\/posts\/171955","targetHints":{"allow":["GET"]}}],"collection":[{"href":"https:\/\/www.europesays.com\/pt\/wp-json\/wp\/v2\/posts"}],"about":[{"href":"https:\/\/www.europesays.com\/pt\/wp-json\/wp\/v2\/types\/post"}],"author":[{"embeddable":true,"href":"https:\/\/www.europesays.com\/pt\/wp-json\/wp\/v2\/users\/2"}],"replies":[{"embeddable":true,"href":"https:\/\/www.europesays.com\/pt\/wp-json\/wp\/v2\/comments?post=171955"}],"version-history":[{"count":0,"href":"https:\/\/www.europesays.com\/pt\/wp-json\/wp\/v2\/posts\/171955\/revisions"}],"wp:featuredmedia":[{"embeddable":true,"href":"https:\/\/www.europesays.com\/pt\/wp-json\/wp\/v2\/media\/171956"}],"wp:attachment":[{"href":"https:\/\/www.europesays.com\/pt\/wp-json\/wp\/v2\/media?parent=171955"}],"wp:term":[{"taxonomy":"category","embeddable":true,"href":"https:\/\/www.europesays.com\/pt\/wp-json\/wp\/v2\/categories?post=171955"},{"taxonomy":"post_tag","embeddable":true,"href":"https:\/\/www.europesays.com\/pt\/wp-json\/wp\/v2\/tags?post=171955"}],"curies":[{"name":"wp","href":"https:\/\/api.w.org\/{rel}","templated":true}]}}