{"id":171957,"date":"2025-12-01T16:01:09","date_gmt":"2025-12-01T16:01:09","guid":{"rendered":"https:\/\/www.europesays.com\/pt\/171957\/"},"modified":"2025-12-01T16:01:09","modified_gmt":"2025-12-01T16:01:09","slug":"mais-de-600-mortos-e-500-desaparecidos-apos-cheias-na-indonesia","status":"publish","type":"post","link":"https:\/\/www.europesays.com\/pt\/171957\/","title":{"rendered":"Mais de 600 mortos e 500 desaparecidos ap\u00f3s cheias na Indon\u00e9sia"},"content":{"rendered":"<p>&#13;<br \/>\nO n\u00famero de mortos pelas cheias que atingiram a ilha de Sumatra, no oeste da Indon\u00e9sia, voltou a aumentar esta segunda-feira, atingindo 604, com quase 500 pessoas desaparecidas, anunciou a ag\u00eancia de gest\u00e3o de cat\u00e1strofes.<\/p>\n<p>Este \u00faltimo balan\u00e7o eleva o n\u00famero total de mortes nas recentes cheias que afectaram a Indon\u00e9sia, a Tail\u00e2ndia, a Mal\u00e1sia e o Sri Lanka para mais de mil.&#13;\n<\/p>\n<p>&#13;<br \/>\nAs altera\u00e7\u00f5es clim\u00e1ticas afetaram os padr\u00f5es de tempestades, incluindo a dura\u00e7\u00e3o e a intensidade das chuvas, que s\u00e3o mais intensas, com inunda\u00e7\u00f5es repentinas e rajadas de vento mais fortes. <\/p>\n<p>          <img decoding=\"async\" itemprop=\"image\" class=\"img-fluid\"   src=\"https:\/\/www.europesays.com\/pt\/wp-content\/uploads\/2025\/12\/1b9953e21139abb1f320214867812f2c_N.jpg\"\/><\/p>\n<p> c\/ Lusa<\/p>\n","protected":false},"excerpt":{"rendered":"&#13; O n\u00famero de mortos pelas cheias que atingiram a ilha de Sumatra, no oeste da Indon\u00e9sia, voltou&hellip;\n","protected":false},"author":2,"featured_media":171958,"comment_status":"","ping_status":"","sticky":false,"template":"","format":"standard","meta":{"footnotes":""},"categories":[8],"tags":[27,28,15,16,14,35981,25,26,21,22,12,13,19,20,32,23,24,33,17,18,29,30,31],"class_list":{"0":"post-171957","1":"post","2":"type-post","3":"status-publish","4":"format-standard","5":"has-post-thumbnail","7":"category-principais-noticias","8":"tag-breaking-news","9":"tag-breakingnews","10":"tag-featured-news","11":"tag-featurednews","12":"tag-headlines","13":"tag-indonesia-tailandia","14":"tag-latest-news","15":"tag-latestnews","16":"tag-main-news","17":"tag-mainnews","18":"tag-news","19":"tag-noticias","20":"tag-noticias-principais","21":"tag-noticiasprincipais","22":"tag-portugal","23":"tag-principais-noticias","24":"tag-principaisnoticias","25":"tag-pt","26":"tag-top-stories","27":"tag-topstories","28":"tag-ultimas","29":"tag-ultimas-noticias","30":"tag-ultimasnoticias"},"share_on_mastodon":{"url":"https:\/\/pubeurope.com\/@pt\/115645152476503155","error":""},"_links":{"self":[{"href":"https:\/\/www.europesays.com\/pt\/wp-json\/wp\/v2\/posts\/171957","targetHints":{"allow":["GET"]}}],"collection":[{"href":"https:\/\/www.europesays.com\/pt\/wp-json\/wp\/v2\/posts"}],"about":[{"href":"https:\/\/www.europesays.com\/pt\/wp-json\/wp\/v2\/types\/post"}],"author":[{"embeddable":true,"href":"https:\/\/www.europesays.com\/pt\/wp-json\/wp\/v2\/users\/2"}],"replies":[{"embeddable":true,"href":"https:\/\/www.europesays.com\/pt\/wp-json\/wp\/v2\/comments?post=171957"}],"version-history":[{"count":0,"href":"https:\/\/www.europesays.com\/pt\/wp-json\/wp\/v2\/posts\/171957\/revisions"}],"wp:featuredmedia":[{"embeddable":true,"href":"https:\/\/www.europesays.com\/pt\/wp-json\/wp\/v2\/media\/171958"}],"wp:attachment":[{"href":"https:\/\/www.europesays.com\/pt\/wp-json\/wp\/v2\/media?parent=171957"}],"wp:term":[{"taxonomy":"category","embeddable":true,"href":"https:\/\/www.europesays.com\/pt\/wp-json\/wp\/v2\/categories?post=171957"},{"taxonomy":"post_tag","embeddable":true,"href":"https:\/\/www.europesays.com\/pt\/wp-json\/wp\/v2\/tags?post=171957"}],"curies":[{"name":"wp","href":"https:\/\/api.w.org\/{rel}","templated":true}]}}