{"id":171961,"date":"2025-12-01T16:05:22","date_gmt":"2025-12-01T16:05:22","guid":{"rendered":"https:\/\/www.europesays.com\/pt\/171961\/"},"modified":"2025-12-01T16:05:22","modified_gmt":"2025-12-01T16:05:22","slug":"longe-do-ecra-dylan-descobre-o-segredo-de-marisa-e-pedro-e-ha-video-da-reacao-dois-as-10","status":"publish","type":"post","link":"https:\/\/www.europesays.com\/pt\/171961\/","title":{"rendered":"Longe do ecr\u00e3, Dylan descobre o segredo de Marisa e Pedro. E h\u00e1 v\u00eddeo da rea\u00e7\u00e3o &#8211; Dois \u00e0s 10"},"content":{"rendered":"<p>                        Longe do ecr\u00e3, Dylan acabou por trope\u00e7ar no segredo mais bem guardado de Marisa e Pedro e a sua rea\u00e7\u00e3o inesperada ficou registada em v\u00eddeo.<\/p>\n<p data-end=\"641\" data-start=\"145\"><strong>Dylan <\/strong>foi o concorrente expulso na gala deste domingo do <strong>\u00ab<\/strong><strong data-end=\"218\" data-start=\"202\">Secret Story 9\u00bb<\/strong>. Assim que chegou ao est\u00fadio, mostrou-se surpreendido com o desfecho da vota\u00e7\u00e3o e acabou por ser confrontado com a opini\u00e3o dos comentadores Fl\u00e1vio Furtado e Bruna Gomes. Mais tarde, j\u00e1 sentado na plateia com os restantes ex-concorrentes e enquanto decorriam as nomea\u00e7\u00f5es, ter\u00e1 sido ent\u00e3o confrontado com o segredo que mais tem dado que falar: que <strong data-end=\"584\" data-start=\"575\">Pedro<\/strong> <strong>e<\/strong> <strong data-end=\"597\" data-start=\"587\">Marisa<\/strong> s\u00e3o casados e t\u00eam dois filhos em comum.<\/p>\n<p data-end=\"785\" data-is-last-node=\"\" data-is-only-node=\"\" data-start=\"643\">Nas imagens captadas na plateia, \u00e9 poss\u00edvel ver Dylan totalmente surpreendido, de boca aberta, enquanto Sandro lhe revela alguns detalhes.<\/p>\n","protected":false},"excerpt":{"rendered":"Longe do ecr\u00e3, Dylan acabou por trope\u00e7ar no segredo mais bem guardado de Marisa e Pedro e a&hellip;\n","protected":false},"author":2,"featured_media":171962,"comment_status":"","ping_status":"","sticky":false,"template":"","format":"standard","meta":{"footnotes":""},"categories":[142],"tags":[329,166,3412,3406,3409,801,3410,3411,3407,3408,19105,114,115,3413,338,19184,14646,32,33,16686,151],"class_list":{"0":"post-171961","1":"post","2":"type-post","3":"status-publish","4":"format-standard","5":"has-post-thumbnail","7":"category-tv","8":"tag-claudio-ramos","9":"tag-cristina-ferreira","10":"tag-dois-10","11":"tag-dois-a-s-10-dois-a-s-10","12":"tag-dois-a-s-dez","13":"tag-dois-as-10","14":"tag-dois-as-dez","15":"tag-dois-dez","16":"tag-doisas10","17":"tag-doisasdez","18":"tag-dylan","19":"tag-entertainment","20":"tag-entretenimento","21":"tag-manha-tvi","22":"tag-maria-botelho-moniz","23":"tag-marisa","24":"tag-pedro","25":"tag-portugal","26":"tag-pt","27":"tag-secret-story-9","28":"tag-tv"},"share_on_mastodon":{"url":"https:\/\/pubeurope.com\/@pt\/115645167914784456","error":""},"_links":{"self":[{"href":"https:\/\/www.europesays.com\/pt\/wp-json\/wp\/v2\/posts\/171961","targetHints":{"allow":["GET"]}}],"collection":[{"href":"https:\/\/www.europesays.com\/pt\/wp-json\/wp\/v2\/posts"}],"about":[{"href":"https:\/\/www.europesays.com\/pt\/wp-json\/wp\/v2\/types\/post"}],"author":[{"embeddable":true,"href":"https:\/\/www.europesays.com\/pt\/wp-json\/wp\/v2\/users\/2"}],"replies":[{"embeddable":true,"href":"https:\/\/www.europesays.com\/pt\/wp-json\/wp\/v2\/comments?post=171961"}],"version-history":[{"count":0,"href":"https:\/\/www.europesays.com\/pt\/wp-json\/wp\/v2\/posts\/171961\/revisions"}],"wp:featuredmedia":[{"embeddable":true,"href":"https:\/\/www.europesays.com\/pt\/wp-json\/wp\/v2\/media\/171962"}],"wp:attachment":[{"href":"https:\/\/www.europesays.com\/pt\/wp-json\/wp\/v2\/media?parent=171961"}],"wp:term":[{"taxonomy":"category","embeddable":true,"href":"https:\/\/www.europesays.com\/pt\/wp-json\/wp\/v2\/categories?post=171961"},{"taxonomy":"post_tag","embeddable":true,"href":"https:\/\/www.europesays.com\/pt\/wp-json\/wp\/v2\/tags?post=171961"}],"curies":[{"name":"wp","href":"https:\/\/api.w.org\/{rel}","templated":true}]}}