{"id":171965,"date":"2025-12-01T16:08:16","date_gmt":"2025-12-01T16:08:16","guid":{"rendered":"https:\/\/www.europesays.com\/pt\/171965\/"},"modified":"2025-12-01T16:08:16","modified_gmt":"2025-12-01T16:08:16","slug":"sondagem-quem-vai-ganhar-o-benfica-sporting-na-sexta-feira","status":"publish","type":"post","link":"https:\/\/www.europesays.com\/pt\/171965\/","title":{"rendered":"Sondagem: quem vai ganhar o Benfica-Sporting na sexta-feira?"},"content":{"rendered":"<p style=\"margin-bottom:11px\">Os dados est\u00e3o lan\u00e7ados. Na pr\u00f3xima sexta-feira vamos ter um dos pontos altos da liga portuguesa quando o Sporting visitar o Est\u00e1dio da Luz para defrontar o Benfica no jogo de abertura da 13.\u00aa jornada da Liga. Quem \u00e9 que acha que chega ao d\u00e9rbi com maiores possibilidades de vencer?<\/p>\n<p style=\"margin-bottom:11px\"><a href=\"https:\/\/maisfutebol.iol.pt\/resultadoseclassificacoes\/128\/Portugal\/Primeira-Liga\" rel=\"nofollow noopener\" target=\"_blank\">Confira o calend\u00e1rio e a classifica\u00e7\u00e3o da Liga<\/a><\/p>\n<p>Os dois rivais chegam ao primeiro d\u00e9rbi da temporada separados por apenas tr\u00eas pontos, com vantagem para o bicampe\u00e3o, mas com o Benfica, a jogar em casa, tem possibilidades de anular essa diferen\u00e7a.<\/p>\n<p><strong>O <a href=\"https:\/\/maisfutebol.iol.pt\/benfica\/jogos\/1575-128\" rel=\"nofollow noopener\" target=\"_blank\">Benfica<\/a> ainda n\u00e3o perdeu na Liga<\/strong>, mas j\u00e1 trope\u00e7ou por quatro vezes, tr\u00eas delas em casa, como Santa Clara (1-1), Rio Ave (1-1) e Casa Pia (2-2), al\u00e9m do empate no Drag\u00e3o (0-0).<\/p>\n<p>O <a href=\"https:\/\/maisfutebol.iol.pt\/sporting\/jogos\/primeira-liga\/1576-128\" rel=\"nofollow noopener\" target=\"_blank\">Sporting<\/a> trope\u00e7ou apenas duas vezes no campeonato, ambas em casa, primeiro com o FC Porto (1-2), depois com o Sp. Braga (1-1), mas <strong>fora de casa os le\u00f5es t\u00eam um registo cem por cento vitorioso<\/strong>.<\/p>\n<p>Numa an\u00e1lise a frio, n\u00e3o \u00e9 dif\u00edcil dizer que a equipa de Rui Borges (31 golos marcados, 6 sofridos) tem estado a ganhar com maior facilidade do que a equipa de Jos\u00e9 Mourinho (25 golos marcados, 7 sofridos), mas quase todos os par\u00e2metros deixam de fazer sentido em dia de d\u00e9rbi em que muitas vezes ganha quem n\u00e3o est\u00e1 t\u00e3o bem.<\/p>\n<p><a href=\"https:\/\/maisfutebol.iol.pt\/sondagem\/692d78abd34e3caad84be409\/quem-vai-ganhar-o-benfica-sporting\" rel=\"nofollow noopener\" target=\"_blank\">Como \u00e9 que vai ser na sexta-feira? Deixe a sua opini\u00e3o na sondagem abaixo.<\/a><\/p>\n<p>        Quem vai ganhar o Benfica-Sporting?<\/p>\n","protected":false},"excerpt":{"rendered":"Os dados est\u00e3o lan\u00e7ados. Na pr\u00f3xima sexta-feira vamos ter um dos pontos altos da liga portuguesa quando o&hellip;\n","protected":false},"author":2,"featured_media":171966,"comment_status":"","ping_status":"","sticky":false,"template":"","format":"standard","meta":{"footnotes":""},"categories":[87],"tags":[51,12194,135,279,36,46,32,33,47,34,134],"class_list":{"0":"post-171965","1":"post","2":"type-post","3":"status-publish","4":"format-standard","5":"has-post-thumbnail","7":"category-desporto","8":"tag-benfica","9":"tag-derbi","10":"tag-desporto","11":"tag-estadio-da-luz","12":"tag-liga","13":"tag-maisfutebol","14":"tag-portugal","15":"tag-pt","16":"tag-pura-paixao","17":"tag-sporting","18":"tag-sports"},"share_on_mastodon":{"url":"https:\/\/pubeurope.com\/@pt\/115645180405991795","error":""},"_links":{"self":[{"href":"https:\/\/www.europesays.com\/pt\/wp-json\/wp\/v2\/posts\/171965","targetHints":{"allow":["GET"]}}],"collection":[{"href":"https:\/\/www.europesays.com\/pt\/wp-json\/wp\/v2\/posts"}],"about":[{"href":"https:\/\/www.europesays.com\/pt\/wp-json\/wp\/v2\/types\/post"}],"author":[{"embeddable":true,"href":"https:\/\/www.europesays.com\/pt\/wp-json\/wp\/v2\/users\/2"}],"replies":[{"embeddable":true,"href":"https:\/\/www.europesays.com\/pt\/wp-json\/wp\/v2\/comments?post=171965"}],"version-history":[{"count":0,"href":"https:\/\/www.europesays.com\/pt\/wp-json\/wp\/v2\/posts\/171965\/revisions"}],"wp:featuredmedia":[{"embeddable":true,"href":"https:\/\/www.europesays.com\/pt\/wp-json\/wp\/v2\/media\/171966"}],"wp:attachment":[{"href":"https:\/\/www.europesays.com\/pt\/wp-json\/wp\/v2\/media?parent=171965"}],"wp:term":[{"taxonomy":"category","embeddable":true,"href":"https:\/\/www.europesays.com\/pt\/wp-json\/wp\/v2\/categories?post=171965"},{"taxonomy":"post_tag","embeddable":true,"href":"https:\/\/www.europesays.com\/pt\/wp-json\/wp\/v2\/tags?post=171965"}],"curies":[{"name":"wp","href":"https:\/\/api.w.org\/{rel}","templated":true}]}}