{"id":171969,"date":"2025-12-01T16:11:14","date_gmt":"2025-12-01T16:11:14","guid":{"rendered":"https:\/\/www.europesays.com\/pt\/171969\/"},"modified":"2025-12-01T16:11:14","modified_gmt":"2025-12-01T16:11:14","slug":"conceito-revela-design-traseiro-que-forma-o-numero-100","status":"publish","type":"post","link":"https:\/\/www.europesays.com\/pt\/171969\/","title":{"rendered":"conceito revela design traseiro que forma o n\u00famero 100"},"content":{"rendered":"<p>Ainda a poeira do lan\u00e7amento da s\u00e9rie Mate 80 mal assentou, com o seu design traseiro a evocar o s\u00edmbolo do infinito (e o n\u00famero 8), e a internet j\u00e1 est\u00e1 a olhar para o futuro distante de 2027. Um novo render n\u00e3o oficial, que come\u00e7ou a circular na rede social Weibo, imagina como ser\u00e1 o <strong>Huawei Mate 100<\/strong>, sugerindo uma evolu\u00e7\u00e3o est\u00e9tica inteligente que incorpora o pr\u00f3prio nome do modelo na estrutura do telem\u00f3vel.<\/p>\n<p>A imagem conceptual prop\u00f5e um design que brinca com a geometria para formar o n\u00famero \u201c100\u201d nas costas do dispositivo, transformando os m\u00f3dulos de c\u00e2mara e o log\u00f3tipo da marca numa afirma\u00e7\u00e3o de identidade visual.<\/p>\n<p>A matem\u00e1tica do design: como se escreve \u201c100\u201d com c\u00e2maras?<\/p>\n<p>A Huawei tem vindo a utilizar o design dos seus m\u00f3dulos de c\u00e2mara circulares (\u201cStar Ring\u201d) como imagem de marca. O conceito do Mate 100 pega nessa heran\u00e7a e reinterpreta-a de forma criativa:<\/p>\n<ul class=\"wp-block-list\">\n<li><strong>Os Zeros:<\/strong> O telem\u00f3vel manteria o layout de duplo anel traseiro, mas com uma ligeira separa\u00e7\u00e3o entre eles. Estes dois c\u00edrculos de c\u00e2mara representariam os dois \u201c0\u201d do n\u00famero 100.<\/li>\n<li><strong>O Um:<\/strong> Para completar o n\u00famero, o conceito imagina uma c\u00e1psula (ou p\u00edlula) alongada na parte inferior, que alberga o log\u00f3tipo prateado da \u201cHUAWEI\u201d. Esta forma vertical funcionaria visualmente como o n\u00famero \u201c1\u201d.<\/li>\n<\/ul>\n<p>O resultado \u00e9 uma leitura vertical que forma \u201c100\u201d, uma evolu\u00e7\u00e3o l\u00f3gica da abordagem do Mate 80, cujos an\u00e9is entrela\u00e7ados formam um \u201c8\u201d.<\/p>\n<p><img fetchpriority=\"high\" decoding=\"async\" width=\"1200\" height=\"675\" src=\"data:image\/svg+xml,%3Csvg%20xmlns=\" http:=\"\" alt=\"Huawei mate 100\" class=\"wp-image-163512\" title=\"Huawei Mate 100 TecheNet\" data-lazy- data-lazy- data-lazy-src=\"https:\/\/www.europesays.com\/pt\/wp-content\/uploads\/2025\/12\/Huawei-Mate-100-1200x675.webp.webp\"\/><\/p>\n<p>Quatro c\u00e2maras e um anel misterioso<\/p>\n<p>Para al\u00e9m da brincadeira com os n\u00fameros, o render detalha um sistema de imagem robusto. O m\u00f3dulo exibe <strong>quatro aberturas de lente<\/strong>, sugerindo que a Huawei poder\u00e1 manter a aposta num sistema de c\u00e2mara qu\u00e1drupla, possivelmente eliminando a configura\u00e7\u00e3o de duplo zoom em favor de sensores mais vers\u00e1teis.<\/p>\n<p>Um detalhe curioso \u00e9 a presen\u00e7a de um anel especial num dos sensores, cuja fun\u00e7\u00e3o \u00e9 desconhecida, mas que adiciona um toque de distin\u00e7\u00e3o ao design.<\/p>\n<p>Um futuro distante (2027)<\/p>\n<p>\u00c9 importante sublinhar que, seguindo a nomenclatura atual, um \u201cMate 100\u201d seria um dispositivo esperado apenas para <strong>2027<\/strong>. At\u00e9 l\u00e1, a tecnologia e as tend\u00eancias de design podem mudar radicalmente.<\/p>\n<p>No entanto, estes conceitos s\u00e3o importantes porque mostram como a marca Huawei Mate se tornou forte o suficiente para que o seu design traseiro seja imediatamente reconhec\u00edvel e ic\u00f3nico, permitindo que os f\u00e3s imaginem a sua evolu\u00e7\u00e3o anos antes de ela acontecer. Se a Huawei decidir seguir esta rota, o Mate 100 ser\u00e1, sem d\u00favida, um telem\u00f3vel que n\u00e3o precisar\u00e1 de apresenta\u00e7\u00f5es: o seu nome estar\u00e1 escrito na sua pr\u00f3pria \u201cpele\u201d.<\/p>\n<p><strong>Outros artigos interessantes:<\/strong><\/p>\n","protected":false},"excerpt":{"rendered":"Ainda a poeira do lan\u00e7amento da s\u00e9rie Mate 80 mal assentou, com o seu design traseiro a evocar&hellip;\n","protected":false},"author":2,"featured_media":171970,"comment_status":"","ping_status":"","sticky":false,"template":"","format":"standard","meta":{"footnotes":""},"categories":[84],"tags":[109,107,108,32,33,105,103,104,106,110],"class_list":{"0":"post-171969","1":"post","2":"type-post","3":"status-publish","4":"format-standard","5":"has-post-thumbnail","7":"category-ciencia-e-tecnologia","8":"tag-ciencia","9":"tag-ciencia-e-tecnologia","10":"tag-cienciaetecnologia","11":"tag-portugal","12":"tag-pt","13":"tag-science","14":"tag-science-and-technology","15":"tag-scienceandtechnology","16":"tag-technology","17":"tag-tecnologia"},"share_on_mastodon":{"url":"https:\/\/pubeurope.com\/@pt\/115645191519647931","error":""},"_links":{"self":[{"href":"https:\/\/www.europesays.com\/pt\/wp-json\/wp\/v2\/posts\/171969","targetHints":{"allow":["GET"]}}],"collection":[{"href":"https:\/\/www.europesays.com\/pt\/wp-json\/wp\/v2\/posts"}],"about":[{"href":"https:\/\/www.europesays.com\/pt\/wp-json\/wp\/v2\/types\/post"}],"author":[{"embeddable":true,"href":"https:\/\/www.europesays.com\/pt\/wp-json\/wp\/v2\/users\/2"}],"replies":[{"embeddable":true,"href":"https:\/\/www.europesays.com\/pt\/wp-json\/wp\/v2\/comments?post=171969"}],"version-history":[{"count":0,"href":"https:\/\/www.europesays.com\/pt\/wp-json\/wp\/v2\/posts\/171969\/revisions"}],"wp:featuredmedia":[{"embeddable":true,"href":"https:\/\/www.europesays.com\/pt\/wp-json\/wp\/v2\/media\/171970"}],"wp:attachment":[{"href":"https:\/\/www.europesays.com\/pt\/wp-json\/wp\/v2\/media?parent=171969"}],"wp:term":[{"taxonomy":"category","embeddable":true,"href":"https:\/\/www.europesays.com\/pt\/wp-json\/wp\/v2\/categories?post=171969"},{"taxonomy":"post_tag","embeddable":true,"href":"https:\/\/www.europesays.com\/pt\/wp-json\/wp\/v2\/tags?post=171969"}],"curies":[{"name":"wp","href":"https:\/\/api.w.org\/{rel}","templated":true}]}}