{"id":171971,"date":"2025-12-01T16:13:16","date_gmt":"2025-12-01T16:13:16","guid":{"rendered":"https:\/\/www.europesays.com\/pt\/171971\/"},"modified":"2025-12-01T16:13:16","modified_gmt":"2025-12-01T16:13:16","slug":"suicos-rejeitam-substituicao-do-servico-militar-obrigatorio-observador","status":"publish","type":"post","link":"https:\/\/www.europesays.com\/pt\/171971\/","title":{"rendered":"Su\u00ed\u00e7os rejeitam substitui\u00e7\u00e3o do servi\u00e7o militar obrigat\u00f3rio \u2013 Observador"},"content":{"rendered":"<p>Os cidad\u00e3os su\u00ed\u00e7os rejeitaram neste domingo<strong> em referendo<\/strong> uma proposta para substituir o atual servi\u00e7o militar obrigat\u00f3rio para os homens por um novo \u201cservi\u00e7o cidad\u00e3o\u201d que incluiria tamb\u00e9m as mulheres e abrangeria tarefas al\u00e9m da seguran\u00e7a.<\/p>\n<p>Os dados provis\u00f3rios do referendo, quando est\u00e3o apurados os resultados de 25 dos 26 cant\u00f5es do pa\u00eds, indicam que <strong>84% dos eleitores votaram \u201cn\u00e3o\u201d<\/strong> \u00e0 proposta que previa tamb\u00e9m tarefas como a prote\u00e7\u00e3o clim\u00e1tica e a preven\u00e7\u00e3o de cat\u00e1strofes no \u00e2mbito do servi\u00e7o militar obrigat\u00f3rio.<\/p>\n<p>A iniciativa procurava \u201cestender a no\u00e7\u00e3o de seguran\u00e7a a outras \u00e1reas, como a prote\u00e7\u00e3o clim\u00e1tica, a seguran\u00e7a alimentar e a assist\u00eancia\u201d, mas o Governo e o Parlamento fragmentado tinham instado os eleitores a oporem-se, argumentando que o ex\u00e9rcito e as ag\u00eancias de prote\u00e7\u00e3o civil desempenham um papel central na seguran\u00e7a nacional.<\/p>\n<p>No Parlamento, os conservadores det\u00eam 31%, os socialistas 20% e os liberais e democratas-crist\u00e3os 14% cada.<\/p>\n<p>Os promotores \u2014 a organiza\u00e7\u00e3o \u201cPor uma Su\u00ed\u00e7a Integrada\u201d \u2014 argumentaram que a Su\u00ed\u00e7a est\u00e1 amea\u00e7ada n\u00e3o s\u00f3 militarmente, mas tamb\u00e9m por ciberataques, escassez de energia e desastres clim\u00e1ticos, como o deslizamento de terras que este ano destruiu uma aldeia inteira num vale alpino.<\/p>\n<p>Apresentaram tamb\u00e9m a iniciativa como uma forma de combater o crescente individualismo na sociedade atrav\u00e9s de atividades de solidariedade partilhada.<\/p>\n<p>O Governo e o Parlamento opuseram-se, argumentando que duplicar o n\u00famero de pessoas que se alistam no servi\u00e7o militar ou em servi\u00e7os alternativos, dos atuais 35.000 para 70.000, excederia as necessidades do pa\u00eds.<\/p>\n<p>Al\u00e9m disso, referiram, duplicaria os custos associados \u00e0 seguran\u00e7a social e \u00e0 indemniza\u00e7\u00e3o por desemprego, para quase dois mil milh\u00f5es de francos su\u00ed\u00e7os (aproximadamente 2,1 mil milh\u00f5es de euros).<\/p>\n<p>Na Su\u00ed\u00e7a, o servi\u00e7o militar para os homens \u00e9 obrigat\u00f3rio desde o s\u00e9culo XIX, embora atualmente seja permitido escolher entre as for\u00e7as armadas e a prote\u00e7\u00e3o civil.<\/p>\n<p>Os objetores de consci\u00eancia, cujo n\u00famero est\u00e1 a aumentar, podem optar por um servi\u00e7o civil mais longo ou pagar uma taxa de isen\u00e7\u00e3o que \u00e9 deduzida do seu rendimento anual durante v\u00e1rios anos.<\/p>\n<p>Os jovens su\u00ed\u00e7os que servem nas for\u00e7as armadas passam cerca de 18 semanas numa escola de recrutamento e, nos anos subsequentes, t\u00eam de completar cursos de reciclagem de pouco mais de duas semanas, acumulando um total de cerca de oito meses de servi\u00e7o militar. As mulheres su\u00ed\u00e7as podem tamb\u00e9m prestar servi\u00e7o militar ou a sua alternativa na prote\u00e7\u00e3o civil, embora seja volunt\u00e1rio.<\/p>\n","protected":false},"excerpt":{"rendered":"Os cidad\u00e3os su\u00ed\u00e7os rejeitaram neste domingo em referendo uma proposta para substituir o atual servi\u00e7o militar obrigat\u00f3rio para&hellip;\n","protected":false},"author":2,"featured_media":171972,"comment_status":"","ping_status":"","sticky":false,"template":"","format":"standard","meta":{"footnotes":""},"categories":[50],"tags":[27,28,2537,445,15,16,14,25,26,21,22,62,12,13,19,20,23,24,35982,58,11662,17,18,29,30,31,63,64,65],"class_list":{"0":"post-171971","1":"post","2":"type-post","3":"status-publish","4":"format-standard","5":"has-post-thumbnail","7":"category-mundo","8":"tag-breaking-news","9":"tag-breakingnews","10":"tag-defesa","11":"tag-europa","12":"tag-featured-news","13":"tag-featurednews","14":"tag-headlines","15":"tag-latest-news","16":"tag-latestnews","17":"tag-main-news","18":"tag-mainnews","19":"tag-mundo","20":"tag-news","21":"tag-noticias","22":"tag-noticias-principais","23":"tag-noticiasprincipais","24":"tag-principais-noticias","25":"tag-principaisnoticias","26":"tag-referendo","27":"tag-sociedade","28":"tag-suu00edu00e7a","29":"tag-top-stories","30":"tag-topstories","31":"tag-ultimas","32":"tag-ultimas-noticias","33":"tag-ultimasnoticias","34":"tag-world","35":"tag-world-news","36":"tag-worldnews"},"share_on_mastodon":{"url":"https:\/\/pubeurope.com\/@pt\/115645199327306839","error":""},"_links":{"self":[{"href":"https:\/\/www.europesays.com\/pt\/wp-json\/wp\/v2\/posts\/171971","targetHints":{"allow":["GET"]}}],"collection":[{"href":"https:\/\/www.europesays.com\/pt\/wp-json\/wp\/v2\/posts"}],"about":[{"href":"https:\/\/www.europesays.com\/pt\/wp-json\/wp\/v2\/types\/post"}],"author":[{"embeddable":true,"href":"https:\/\/www.europesays.com\/pt\/wp-json\/wp\/v2\/users\/2"}],"replies":[{"embeddable":true,"href":"https:\/\/www.europesays.com\/pt\/wp-json\/wp\/v2\/comments?post=171971"}],"version-history":[{"count":0,"href":"https:\/\/www.europesays.com\/pt\/wp-json\/wp\/v2\/posts\/171971\/revisions"}],"wp:featuredmedia":[{"embeddable":true,"href":"https:\/\/www.europesays.com\/pt\/wp-json\/wp\/v2\/media\/171972"}],"wp:attachment":[{"href":"https:\/\/www.europesays.com\/pt\/wp-json\/wp\/v2\/media?parent=171971"}],"wp:term":[{"taxonomy":"category","embeddable":true,"href":"https:\/\/www.europesays.com\/pt\/wp-json\/wp\/v2\/categories?post=171971"},{"taxonomy":"post_tag","embeddable":true,"href":"https:\/\/www.europesays.com\/pt\/wp-json\/wp\/v2\/tags?post=171971"}],"curies":[{"name":"wp","href":"https:\/\/api.w.org\/{rel}","templated":true}]}}