{"id":171977,"date":"2025-12-01T16:21:12","date_gmt":"2025-12-01T16:21:12","guid":{"rendered":"https:\/\/www.europesays.com\/pt\/171977\/"},"modified":"2025-12-01T16:21:12","modified_gmt":"2025-12-01T16:21:12","slug":"ate-a-apanhar-sol-pedro-e-marisa-se-desentendem-secret-story","status":"publish","type":"post","link":"https:\/\/www.europesays.com\/pt\/171977\/","title":{"rendered":"At\u00e9 a apanhar sol, Pedro e Marisa se desentendem &#8211; Secret Story"},"content":{"rendered":"<p>No Secret Story, Pedro e Marisa t\u00eam uma conversa s\u00e9ria enquanto apanham sol. Os dois t\u00eam pontos de vista muito distintos sobre as atitudes de Leandro.\u00a0\u00a0<\/p>\n<p>Dylan foi o concorrente expulso na gala deste domingo. A gala ficou ainda marcada pela revela\u00e7\u00e3o do segredo de Leandro: \u00abFui assaltado \u00e0 m\u00e3o armada\u00bb. Acompanhe tudo o que se passa na casa mais vigiada do Pa\u00eds na linha do <a href=\"https:\/\/tvi.iol.pt\/secretstory\/aominuto\" rel=\"nofollow noopener\" target=\"_blank\">Ao Minuto.<\/a>\u00a0<\/p>\n","protected":false},"excerpt":{"rendered":"No Secret Story, Pedro e Marisa t\u00eam uma conversa s\u00e9ria enquanto apanham sol. Os dois t\u00eam pontos de&hellip;\n","protected":false},"author":2,"featured_media":171978,"comment_status":"","ping_status":"","sticky":false,"template":"","format":"standard","meta":{"footnotes":""},"categories":[142],"tags":[114,115,19033,19184,19034,14646,32,33,151,19032],"class_list":{"0":"post-171977","1":"post","2":"type-post","3":"status-publish","4":"format-standard","5":"has-post-thumbnail","7":"category-tv","8":"tag-entertainment","9":"tag-entretenimento","10":"tag-galas-em-video","11":"tag-marisa","12":"tag-melhores-momentos-casa-dos-segredos","13":"tag-pedro","14":"tag-portugal","15":"tag-pt","16":"tag-tv","17":"tag-videos-secret-story-tvi"},"share_on_mastodon":{"url":"https:\/\/pubeurope.com\/@pt\/115645231026150680","error":""},"_links":{"self":[{"href":"https:\/\/www.europesays.com\/pt\/wp-json\/wp\/v2\/posts\/171977","targetHints":{"allow":["GET"]}}],"collection":[{"href":"https:\/\/www.europesays.com\/pt\/wp-json\/wp\/v2\/posts"}],"about":[{"href":"https:\/\/www.europesays.com\/pt\/wp-json\/wp\/v2\/types\/post"}],"author":[{"embeddable":true,"href":"https:\/\/www.europesays.com\/pt\/wp-json\/wp\/v2\/users\/2"}],"replies":[{"embeddable":true,"href":"https:\/\/www.europesays.com\/pt\/wp-json\/wp\/v2\/comments?post=171977"}],"version-history":[{"count":0,"href":"https:\/\/www.europesays.com\/pt\/wp-json\/wp\/v2\/posts\/171977\/revisions"}],"wp:featuredmedia":[{"embeddable":true,"href":"https:\/\/www.europesays.com\/pt\/wp-json\/wp\/v2\/media\/171978"}],"wp:attachment":[{"href":"https:\/\/www.europesays.com\/pt\/wp-json\/wp\/v2\/media?parent=171977"}],"wp:term":[{"taxonomy":"category","embeddable":true,"href":"https:\/\/www.europesays.com\/pt\/wp-json\/wp\/v2\/categories?post=171977"},{"taxonomy":"post_tag","embeddable":true,"href":"https:\/\/www.europesays.com\/pt\/wp-json\/wp\/v2\/tags?post=171977"}],"curies":[{"name":"wp","href":"https:\/\/api.w.org\/{rel}","templated":true}]}}