{"id":171979,"date":"2025-12-01T16:22:09","date_gmt":"2025-12-01T16:22:09","guid":{"rendered":"https:\/\/www.europesays.com\/pt\/171979\/"},"modified":"2025-12-01T16:22:09","modified_gmt":"2025-12-01T16:22:09","slug":"andre-marinho-deixa-a-jovem-pan-01-12-2025-monica-bergamo","status":"publish","type":"post","link":"https:\/\/www.europesays.com\/pt\/171979\/","title":{"rendered":"Andr\u00e9 Marinho deixa a Jovem Pan &#8211; 01\/12\/2025 &#8211; M\u00f4nica Bergamo"},"content":{"rendered":"<p>O comunicador <a href=\"https:\/\/www1.folha.uol.com.br\/colunas\/monicabergamo\/2021\/09\/estou-na-arena-colocando-a-cara-diz-comunicador-andre-marinho.shtml\" rel=\"nofollow noopener\" target=\"_blank\">Andr\u00e9 Marinho<\/a> est\u00e1 deixando a <a href=\"https:\/\/www1.folha.uol.com.br\/folha-topicos\/jovem-pan\/\" rel=\"nofollow noopener\" target=\"_blank\">Jovem Pan<\/a>. Desde abril do ano passado, ele apresentava na emissora o programa Morning Show.<\/p>\n<p>Marinho diz que a decis\u00e3o de encerrar o ciclo foi dele. \u00c0 coluna, ele afirma que quer se concentrar na s\u00e9rie de entrevistas internacionais que iniciou neste ano, o Vozes do Poder. &#8220;Isso vai me exigir muito tempo e trabalho&#8221;, diz.<\/p>\n<p>Em nota, a Jovem Pan confirmou a sa\u00edda de Marinho &#8220;por decis\u00e3o pessoal [dele], para se dedicar a novos projetos&#8221;. <\/p>\n<p>&#8220;A emissora agradece o profissional por sua dedica\u00e7\u00e3o e parceria ao longo do per\u00edodo e deseja sucesso em sua nova fase e em seus novos desafios.&#8221;<\/p>\n<p>Ele tamb\u00e9m quer retornar com o talk show Andr\u00e9 Marinho Live! no YouTube e com o editorial humor\u00edstico-jornal\u00edstico Sem Limites.<\/p>\n<p>Marinho j\u00e1 tinha trabalhado anteriormente na Jovem Pan como comentarista de pol\u00edtica no P\u00e2nico, de agosto de 2019 at\u00e9 novembro de 2021.<\/p>\n<p>O comunicador j\u00e1 n\u00e3o apresentou o Morning Show desta segunda (1\u00ba). O \u00faltimo programa sob o comando dele foi exibido na sexta (28).<\/p>\n<p>No per\u00edodo em que ancorou a atra\u00e7\u00e3o, Marinho destaca a cobertura da posse de Donald Trump em Washington e entrevistas com o secret\u00e1rio de sa\u00fade dos Estados Unidos, Robert F. Kennedy Jr., e com o psic\u00f3logo canadense Jordan Peterson.<\/p>\n<p>O comunicador e humorista \u00e9 tamb\u00e9m autor do livro &#8220;O Brasil (N\u00e3o) \u00c9 uma Piada&#8221; (editora Intr\u00ednseca), <a href=\"https:\/\/www1.folha.uol.com.br\/colunas\/monicabergamo\/2022\/08\/michelle-pediu-que-andre-marinho-imitasse-bolsonaro-apos-saber-de-facada-diz-comunicador-em-livro.shtml\" rel=\"nofollow noopener\" target=\"_blank\">em que relata bastidores da campanha de Jair Bolsonaro (PL)<\/a> \u00e0 Presid\u00eancia em 2018.<\/p>\n<p>com <strong>DIEGO ALEJANDRO, KARINA MATIAS e VICT\u00d3RIA C\u00d3COLO<\/strong><\/p>\n<p class=\"c-context__content\">&#13;<br \/>\n    <strong>LINK PRESENTE:<\/strong> Gostou deste texto? Assinante pode liberar sete acessos gratuitos de qualquer link por dia. Basta clicar no F azul abaixo.&#13;\n  <\/p>\n","protected":false},"excerpt":{"rendered":"O comunicador Andr\u00e9 Marinho est\u00e1 deixando a Jovem Pan. Desde abril do ano passado, ele apresentava na emissora&hellip;\n","protected":false},"author":2,"featured_media":171980,"comment_status":"","ping_status":"","sticky":false,"template":"","format":"standard","meta":{"footnotes":""},"categories":[141],"tags":[114,115,236,35983,149,150,32,33,218],"class_list":{"0":"post-171979","1":"post","2":"type-post","3":"status-publish","4":"format-standard","5":"has-post-thumbnail","7":"category-musica","8":"tag-entertainment","9":"tag-entretenimento","10":"tag-folha","11":"tag-jovem-pan","12":"tag-music","13":"tag-musica","14":"tag-portugal","15":"tag-pt","16":"tag-televisao"},"share_on_mastodon":{"url":"https:\/\/pubeurope.com\/@pt\/115645234749785838","error":""},"_links":{"self":[{"href":"https:\/\/www.europesays.com\/pt\/wp-json\/wp\/v2\/posts\/171979","targetHints":{"allow":["GET"]}}],"collection":[{"href":"https:\/\/www.europesays.com\/pt\/wp-json\/wp\/v2\/posts"}],"about":[{"href":"https:\/\/www.europesays.com\/pt\/wp-json\/wp\/v2\/types\/post"}],"author":[{"embeddable":true,"href":"https:\/\/www.europesays.com\/pt\/wp-json\/wp\/v2\/users\/2"}],"replies":[{"embeddable":true,"href":"https:\/\/www.europesays.com\/pt\/wp-json\/wp\/v2\/comments?post=171979"}],"version-history":[{"count":0,"href":"https:\/\/www.europesays.com\/pt\/wp-json\/wp\/v2\/posts\/171979\/revisions"}],"wp:featuredmedia":[{"embeddable":true,"href":"https:\/\/www.europesays.com\/pt\/wp-json\/wp\/v2\/media\/171980"}],"wp:attachment":[{"href":"https:\/\/www.europesays.com\/pt\/wp-json\/wp\/v2\/media?parent=171979"}],"wp:term":[{"taxonomy":"category","embeddable":true,"href":"https:\/\/www.europesays.com\/pt\/wp-json\/wp\/v2\/categories?post=171979"},{"taxonomy":"post_tag","embeddable":true,"href":"https:\/\/www.europesays.com\/pt\/wp-json\/wp\/v2\/tags?post=171979"}],"curies":[{"name":"wp","href":"https:\/\/api.w.org\/{rel}","templated":true}]}}