{"id":171987,"date":"2025-12-01T16:31:23","date_gmt":"2025-12-01T16:31:23","guid":{"rendered":"https:\/\/www.europesays.com\/pt\/171987\/"},"modified":"2025-12-01T16:31:23","modified_gmt":"2025-12-01T16:31:23","slug":"apos-ser-expulso-dylan-entra-em-confronto-nunca-fiz-isso","status":"publish","type":"post","link":"https:\/\/www.europesays.com\/pt\/171987\/","title":{"rendered":"Ap\u00f3s ser expulso, Dylan entra em confronto: &#8220;Nunca fiz isso&#8221;"},"content":{"rendered":"<p><a href=\"https:\/\/selfie.iol.pt\/famosos\/casa-dos-segredos\/secret-story-dylan-e-expulso-e-ines-fica-em-lagrimas\/20251201\/692cdc30d34e2bd5c6d49b5e\" target=\"_blank\" rel=\"nofollow noopener\">Dylan<\/a> foi expulso no passado domingo, dia 30, de &#8220;<a href=\"https:\/\/tvi.iol.pt\/secretstory\/\" target=\"_blank\" rel=\"nofollow noopener\">Secret Story &#8211; Casa dos Segredos<\/a>&#8220;. Mal saiu do reality show da TVI, o, agora, ex-concorrente tentou refletir sobre os motivos para o fim da participa\u00e7\u00e3o neste formato.<\/p>\n<p>&#8220;As minhas a\u00e7\u00f5es desta semana. Reagi mal \u00e0 nomea\u00e7\u00e3o direta. Acho que foram as minhas a\u00e7\u00f5es, ter dito que queria desistir&#8230;&#8221;, come\u00e7ou por argumentar, em conversa com Cristina Ferreira, sublinhando: &#8220;N\u00e3o mudava nada. Fui como sou.&#8221;<\/p>\n<p>Entretanto, Fl\u00e1vio Furtado teceu a respetiva opini\u00e3o sobre a presta\u00e7\u00e3o de Dylan, acusando-o de gozar com os trejeitos de <a href=\"https:\/\/selfie.iol.pt\/famosos\/casa-dos-segredos\/secret-story-revelado-o-segredo-de-leandro-em-plena-gala\/20251201\/692cdfa2d34e3caad84be2e2\" target=\"_blank\" rel=\"nofollow noopener\">Leandro<\/a>.<\/p>\n<p>&#8220;Nunca fiz isso&#8221;, confrontou o ex-concorrente, refor\u00e7ando: &#8220;Nunca gozei com os trejeitos do Leandro.&#8221;<\/p>\n<p>Veja, agora, algumas das melhores imagens de Dylan na galeria de fotografias que prepar\u00e1mos para si.<\/p>\n<p>\u00a0<\/p>\n","protected":false},"excerpt":{"rendered":"Dylan foi expulso no passado domingo, dia 30, de &#8220;Secret Story &#8211; Casa dos Segredos&#8220;. Mal saiu do&hellip;\n","protected":false},"author":2,"featured_media":102898,"comment_status":"","ping_status":"","sticky":false,"template":"","format":"standard","meta":{"footnotes":""},"categories":[85],"tags":[2632,21040,114,115,980,619,32,33,1014,1315,1012,162],"class_list":{"0":"post-171987","1":"post","2":"type-post","3":"status-publish","4":"format-standard","5":"has-post-thumbnail","7":"category-entretenimento","8":"tag-casa-dos-segredos","9":"tag-dylan-fonte","10":"tag-entertainment","11":"tag-entretenimento","12":"tag-famosos","13":"tag-nacional","14":"tag-portugal","15":"tag-pt","16":"tag-reality-show","17":"tag-secret-story","18":"tag-selfie","19":"tag-tvi"},"share_on_mastodon":{"url":"https:\/\/pubeurope.com\/@pt\/115645270390016429","error":""},"_links":{"self":[{"href":"https:\/\/www.europesays.com\/pt\/wp-json\/wp\/v2\/posts\/171987","targetHints":{"allow":["GET"]}}],"collection":[{"href":"https:\/\/www.europesays.com\/pt\/wp-json\/wp\/v2\/posts"}],"about":[{"href":"https:\/\/www.europesays.com\/pt\/wp-json\/wp\/v2\/types\/post"}],"author":[{"embeddable":true,"href":"https:\/\/www.europesays.com\/pt\/wp-json\/wp\/v2\/users\/2"}],"replies":[{"embeddable":true,"href":"https:\/\/www.europesays.com\/pt\/wp-json\/wp\/v2\/comments?post=171987"}],"version-history":[{"count":0,"href":"https:\/\/www.europesays.com\/pt\/wp-json\/wp\/v2\/posts\/171987\/revisions"}],"wp:featuredmedia":[{"embeddable":true,"href":"https:\/\/www.europesays.com\/pt\/wp-json\/wp\/v2\/media\/102898"}],"wp:attachment":[{"href":"https:\/\/www.europesays.com\/pt\/wp-json\/wp\/v2\/media?parent=171987"}],"wp:term":[{"taxonomy":"category","embeddable":true,"href":"https:\/\/www.europesays.com\/pt\/wp-json\/wp\/v2\/categories?post=171987"},{"taxonomy":"post_tag","embeddable":true,"href":"https:\/\/www.europesays.com\/pt\/wp-json\/wp\/v2\/tags?post=171987"}],"curies":[{"name":"wp","href":"https:\/\/api.w.org\/{rel}","templated":true}]}}