{"id":171991,"date":"2025-12-01T16:34:14","date_gmt":"2025-12-01T16:34:14","guid":{"rendered":"https:\/\/www.europesays.com\/pt\/171991\/"},"modified":"2025-12-01T16:34:14","modified_gmt":"2025-12-01T16:34:14","slug":"foi-passar-o-dia-de-acao-de-gracas-ao-texas-acabou-algemada-num-voo-de-deportacao-para-as-honduras-de-trump-sim-trump-esta-interessado-nas-honduras","status":"publish","type":"post","link":"https:\/\/www.europesays.com\/pt\/171991\/","title":{"rendered":"Foi passar o Dia de A\u00e7\u00e3o de Gra\u00e7as ao Texas. Acabou algemada num voo de deporta\u00e7\u00e3o para as Honduras de Trump (sim, Trump est\u00e1 interessado nas Honduras)"},"content":{"rendered":"<p>\t                Any tem 19 anos e \u00e9 estudante de Neg\u00f3cios em Boston. \u00c9 tamb\u00e9m filha de imigrantes hondurenhos. Any ia apenas fazer uma surpresa \u00e0 fam\u00edlia no feriado de A\u00e7\u00e3o de Gra\u00e7as e acabou a ser detida no aeroporto e deportada para um pa\u00eds que deixou em crian\u00e7a. Isto tudo enquanto o Presidente americano que quer expulsar um milh\u00e3o de migrantes sem documentos dos EUA promete perdoar o ex-Presidente hondurenho condenado por tr\u00e1fico de droga, Juan Orlando Hern\u00e1ndez. Mas que interesse tem, afinal, Trump nas Honduras? <\/p>\n<p>Any Luc\u00eda L\u00f3pez Belloza tinha passado o controlo de seguran\u00e7a no aeroporto Logan, em Boston, quando um funcion\u00e1rio lhe disse que havia \u201cum problema com o bilhete\u201d para Austin, Texas. Ao dirigir-se ao balc\u00e3o, foi cercada por agentes de imigra\u00e7\u00e3o, levada para um carro sem identifica\u00e7\u00e3o e, em 48 horas, estava num avi\u00e3o para Honduras, o pa\u00eds de que saiu aos sete anos.<\/p>\n<p>Segundo o advogado, Todd Pomerleau, a jovem foi transportada entre centros de deten\u00e7\u00e3o, passou uma noite presa no Texas e foi colocada num autocarro com algemas nos pulsos, na cintura e nos tornozelos antes de ser embarcada de volta para a Am\u00e9rica Central. Isto apesar de uma ordem de um tribunal federal que proibia a sua remo\u00e7\u00e3o durante pelo menos 72 horas.<\/p>\n<p>As autoridades de imigra\u00e7\u00e3o garantem que existia uma ordem de expuls\u00e3o desde 2015, quando Any ainda era menor, mas a fam\u00edlia diz nunca ter sido notificada.<\/p>\n<p>Pomerleau afirma que n\u00e3o encontrou registo desse mandado na base de dados oficial de imigra\u00e7\u00e3o e suspeita que o processo da fam\u00edlia, depois de um pedido de asilo recusado, tenha sido administrativamente encerrado sem que percebessem que precisavam de recorrer para evitar uma ordem autom\u00e1tica de deporta\u00e7\u00e3o.<\/p>\n<p>A estudante, que vivia no Texas com os pais e duas irm\u00e3s de dois e cinco anos antes de entrar na universidade, disse ao Boston Globe que a parte mais traum\u00e1tica foi n\u00e3o perceber o que estava a acontecer nem assinar qualquer papel a autorizar a sa\u00edda do pa\u00eds. \u201cTrabalhei tanto para chegar a Babson [College, uma universidade de neg\u00f3cios conceituada de arredores de Boston] no meu primeiro semestre, era o meu sonho\u201d, desabafou. \u201cEstou a perder tudo.\u201d<\/p>\n<p>A fam\u00edlia emigrou de San Pedro Sula h\u00e1 quase 12 anos, fugindo da criminalidade e de um notici\u00e1rio que, nas palavras do pai, trazia \u201ctodas as semanas mortes e assassinatos\u201d.<\/p>\n<p>Em Texas, Any cresceu, aprendeu ingl\u00eas, acabou o liceu e conseguiu uma bolsa para a Babson College. O pai, alfaiate, diz que lhe foi fazendo, pe\u00e7a a pe\u00e7a, os fatos que ela sonhava usar em entrevistas e est\u00e1gios: \u201cTinha a responsabilidade de ser a primeira a formar-se e de ser exemplo para os outros\u201d, contou, ao Boston Globe, j\u00e1 com a filha instalada em casa dos av\u00f3s em San Pedro Sula, a tentar \u201cassimilar a nova realidade\u201d de uma vida interrompida a meio do semestre.<\/p>\n<p>Um milh\u00e3o de deportados e o perd\u00e3o ao Presidente traficante\u00a0 <\/p>\n<p>O caso de Any rebenta num ano em que a administra\u00e7\u00e3o Trump fez da promessa de deportar um milh\u00e3o de pessoas sem estatuto legal uma bandeira pol\u00edtica e voltou a apontar o radar para a Am\u00e9rica Central.<\/p>\n<p>S\u00f3 at\u00e9 20 de novembro, quase 30 mil hondurenhos foram expulsos dos Estados Unidos, mais 13 mil do que no mesmo per\u00edodo do ano passado, segundo dados oficiais citados pela imprensa hondurenha.<\/p>\n<p>A atual Presidente hondurenha, Xiomara Castro, tenta equilibrar o discurso de apoio \u00e0 di\u00e1spora, que soma mais de meio milh\u00e3o de pessoas em situa\u00e7\u00e3o irregular nos EUA, com a necessidade de n\u00e3o entrar em choque directo com Washington, que tem usado san\u00e7\u00f5es e cortes de ajuda para pressionar governos considerados &#8220;pouco colaborantes&#8221;.<\/p>\n<p><img loading=\"lazy\" decoding=\"async\" alt=\"\" height=\"563\" src=\"https:\/\/www.europesays.com\/pt\/wp-content\/uploads\/2025\/12\/1000.webp\" width=\"1000\"\/><\/p>\n<p>Em paralelo, Donald Trump abriu outra frente nas rela\u00e7\u00f5es com o pa\u00eds de Any: anunciou que pretende conceder um perd\u00e3o presidencial a Juan Orlando Hern\u00e1ndez, ex-chefe de Estado das Honduras, condenado em 2024 em Nova Iorque a 45 anos de pris\u00e3o por ter recebido milh\u00f5es em subornos e ajudado a fazer passar centenas de toneladas de coca\u00edna pelo territ\u00f3rio hondurenho rumo aos EUA. Na senten\u00e7a, o juiz P. Kevin Castel descreveu Hern\u00e1ndez como um pol\u00edtico \u201ccom duas caras, faminto de poder\u201d, que se apresentava como aliado na guerra \u00e0s drogas enquanto trabalhava com traficantes, entre eles intermedi\u00e1rios do cartel de Sinaloa, de \u201cEl Chapo\u201d.<\/p>\n<p>A promessa de perd\u00e3o foi criticada por senadores e especialistas em narcotr\u00e1fico como um sinal de indiferen\u00e7a perante crimes graves.<\/p>\n<p>\u00c9 neste contraste que o pai de Any decidiu falar. Com a filha deportada, duas outras, pequenas, a perguntar pela irm\u00e3, e o visto americano cada vez mais longe, diz que quer pelo menos deixar um registo do que aconteceu: \u201cAchei importante contar o que a nossa fam\u00edlia est\u00e1 a viver agora, porque \u00e9 a realidade de muita gente\u201d, explicou.<\/p>\n<p>Ao mesmo tempo, o pa\u00eds para onde Any foi devolvida a ferros est\u00e1 em plena contagem de votos e tudo indica que o pr\u00f3ximo Presidente ser\u00e1 o candidato conservador Nasry \u201cTito\u201d Asfura, do Partido Nacional, o mesmo do ex-Presidente condenado por narcotr\u00e1fico.\u00a0Asfura liderava esta segunda-feira a contagem preliminar com cerca de 41% dos votos, ligeiramente \u00e0 frente de Salvador Nasralla, do Partido Liberal, enquanto a candidata do partido no poder, Rixi Moncada, seguia distante, perto dos 20%.<\/p>\n<p>Asfura \u00e9 o homem em quem Trump diz \u201cconfiar\u201d para governar as Honduras e foi por ele pessoalmente apadrinhado, num pacote que inclui amea\u00e7as de reduzir a ajuda norte-americana se o candidato perder.<\/p>\n<p>Para Trump, as Honduras n\u00e3o s\u00e3o apenas o pa\u00eds de onde Any saiu em crian\u00e7a e para onde foi agora devolvida: s\u00e3o um pequeno tabuleiro onde se joga migra\u00e7\u00e3o, droga e guerra fria com a esquerda latino-americana.<\/p>\n<p>\u00c9 ali que ele quer um Governo &#8220;amigo&#8221; que ajude a travar caravanas de migrantes antes de chegarem \u00e0 fronteira dos EUA, que alinhe com a sua narrativa de combate ao \u201cnarcotr\u00e1fico\u201d \u2014 mesmo que isso passe por prometer um perd\u00e3o ao ex-Presidente condenado em Nova Iorque por facilitar a passagem de centenas de toneladas de coca\u00edna rumo ao mercado norte-americano \u2014 e que sirva de vitrina contra a China, com a promessa de voltar a romper com Pequim para reconhecer Taiwan. Nasry \u201cTito\u201d Asfura j\u00e1 fez saber que\u00a0quer voltar a cortar rela\u00e7\u00f5es com a China e reconhecer outra vez Taiwan, ao contr\u00e1rio do que t\u00eam feito quase todos os pa\u00edses da regi\u00e3o, que deixaram Taiwan para passar a reconhecer apenas Pequim.<\/p>\n<p>Quando apresenta as elei\u00e7\u00f5es hondurenhas como um duelo entre \u201cdireita\u201d e \u201cnarcocomunistas\u201d, Trump est\u00e1 a falar tanto para as elites de Tegucigalpa como para o seu eleitorado interno: mostra que consegue pressionar governos pequenos, reposicionar aliados e usar um pa\u00eds dependente como cen\u00e1rio da ordem que diz querer impor em toda a regi\u00e3o.<\/p>\n","protected":false},"excerpt":{"rendered":"Any tem 19 anos e \u00e9 estudante de Neg\u00f3cios em Boston. \u00c9 tamb\u00e9m filha de imigrantes hondurenhos. Any&hellip;\n","protected":false},"author":2,"featured_media":171992,"comment_status":"","ping_status":"","sticky":false,"template":"","format":"standard","meta":{"footnotes":""},"categories":[50],"tags":[609,836,35985,611,27,28,607,608,333,832,604,7344,135,610,92,476,22384,413,15,16,301,830,14,35984,17541,1865,603,25,26,570,21,22,831,833,62,834,12,13,19,20,835,602,52,32,23,24,17,18,29,30,31,63,64,65],"class_list":{"0":"post-171991","1":"post","2":"type-post","3":"status-publish","4":"format-standard","5":"has-post-thumbnail","7":"category-mundo","8":"tag-alerta","9":"tag-analise","10":"tag-any-lucia-lopez-belloza","11":"tag-ao-minuto","12":"tag-breaking-news","13":"tag-breakingnews","14":"tag-cnn","15":"tag-cnn-portugal","16":"tag-comentadores","17":"tag-costa","18":"tag-crime","19":"tag-deportacao","20":"tag-desporto","21":"tag-direto","22":"tag-donald-trump","23":"tag-economia","24":"tag-estudante","25":"tag-eua","26":"tag-featured-news","27":"tag-featurednews","28":"tag-governo","29":"tag-guerra","30":"tag-headlines","31":"tag-honduras","32":"tag-ice","33":"tag-imigrantes","34":"tag-justica","35":"tag-latest-news","36":"tag-latestnews","37":"tag-live","38":"tag-main-news","39":"tag-mainnews","40":"tag-mais-vistas","41":"tag-marcelo","42":"tag-mundo","43":"tag-negocios","44":"tag-news","45":"tag-noticias","46":"tag-noticias-principais","47":"tag-noticiasprincipais","48":"tag-opiniao","49":"tag-pais","50":"tag-politica","51":"tag-portugal","52":"tag-principais-noticias","53":"tag-principaisnoticias","54":"tag-top-stories","55":"tag-topstories","56":"tag-ultimas","57":"tag-ultimas-noticias","58":"tag-ultimasnoticias","59":"tag-world","60":"tag-world-news","61":"tag-worldnews"},"share_on_mastodon":{"url":"","error":"Validation failed: Text character limit of 500 exceeded"},"_links":{"self":[{"href":"https:\/\/www.europesays.com\/pt\/wp-json\/wp\/v2\/posts\/171991","targetHints":{"allow":["GET"]}}],"collection":[{"href":"https:\/\/www.europesays.com\/pt\/wp-json\/wp\/v2\/posts"}],"about":[{"href":"https:\/\/www.europesays.com\/pt\/wp-json\/wp\/v2\/types\/post"}],"author":[{"embeddable":true,"href":"https:\/\/www.europesays.com\/pt\/wp-json\/wp\/v2\/users\/2"}],"replies":[{"embeddable":true,"href":"https:\/\/www.europesays.com\/pt\/wp-json\/wp\/v2\/comments?post=171991"}],"version-history":[{"count":0,"href":"https:\/\/www.europesays.com\/pt\/wp-json\/wp\/v2\/posts\/171991\/revisions"}],"wp:featuredmedia":[{"embeddable":true,"href":"https:\/\/www.europesays.com\/pt\/wp-json\/wp\/v2\/media\/171992"}],"wp:attachment":[{"href":"https:\/\/www.europesays.com\/pt\/wp-json\/wp\/v2\/media?parent=171991"}],"wp:term":[{"taxonomy":"category","embeddable":true,"href":"https:\/\/www.europesays.com\/pt\/wp-json\/wp\/v2\/categories?post=171991"},{"taxonomy":"post_tag","embeddable":true,"href":"https:\/\/www.europesays.com\/pt\/wp-json\/wp\/v2\/tags?post=171991"}],"curies":[{"name":"wp","href":"https:\/\/api.w.org\/{rel}","templated":true}]}}