{"id":172028,"date":"2025-12-01T17:13:27","date_gmt":"2025-12-01T17:13:27","guid":{"rendered":"https:\/\/www.europesays.com\/pt\/172028\/"},"modified":"2025-12-01T17:13:27","modified_gmt":"2025-12-01T17:13:27","slug":"fuga-as-regras-intervencao-de-guardiola-motiva-debate-na-premier-league","status":"publish","type":"post","link":"https:\/\/www.europesays.com\/pt\/172028\/","title":{"rendered":"Fuga \u00e0s regras? Interven\u00e7\u00e3o de Guardiola motiva debate na Premier League"},"content":{"rendered":"<p>A <a href=\"https:\/\/www.noticiasaominuto.com\/desporto\/2896886\/do-conforto-ao-sofrimento-phil-foden-salva-manchester-city-de-descalabro\" target=\"_blank\" rel=\"noopener nofollow\">vit\u00f3ria arrancada a ferros pelo Manchester City frente ao Leeds (3-2)<\/a>, na tarde de s\u00e1bado, continua a dar que falar em Inglaterra por um momento muito particular. Depois de uma primeira parte de sentido \u00fanico, o City sentiu s\u00e9rias dificuldades em lidar com o Leeds nos segundos 45 minutos e ainda antes do golo do empate, apontado por Nmecha, eis que o guardi\u00e3o Gianluigi Donnarumma se deita no relvado a pedir assist\u00eancia m\u00e9dica.\u00a0<\/p>\n<p>Nesse preciso momento, Pep Guardiola chamou todos os restantes jogadores para dar uma pequena palestra improvisada no relvado aos olhos de tudo e todos durante mais de dois minutos.\u00a0<\/p>\n<p>Ora, para Daniel Farke, treinador do Leeds, esta foi mesmo uma estrat\u00e9gia pensada pelo t\u00e9cnico rival para ter tempo para falar com os jogadores e redefinir o posicionamento do Manchester City.\u00a0<\/p>\n<p>&#8220;Todos sabem por que ele foi para o ch\u00e3o. N\u00e3o \u00e9 um elefante na sala. Foi \u00f3bvio. Est\u00e1 dentro das regras e \u00e9 inteligente. Se gosto? Se est\u00e1 dentro do que considero fairplay? Prefiro n\u00e3o comentar. Cabe \u00e0s autoridades encontrar uma solu\u00e7\u00e3o&#8221;, come\u00e7ou por dizer Farke, em confer\u00eancia de imprensa, citado pela <a href=\"https:\/\/www.bbc.com\/sport\/football\/articles\/cy847x43jz3o\" target=\"_blank\" rel=\"noopener nofollow\">BBC<\/a>, prosseguindo.\u00a0<\/p>\n<p>&#8220;Perguntei a dada altura ao quarto \u00e1rbitro se ele iria fazer alguma coisa. As nossas m\u00e3os estavam atadas. Se n\u00e3o educarmos os nossos jogadores no que diz respeito ao fairplay e desportivismo, e se tentarmos contornar as regras e at\u00e9 simular uma les\u00e3o para ter uma conversa com a equipa&#8230; N\u00e3o \u00e9 aquilo que gosto, pessoalmente. Mas se estiver dentro das regras eu n\u00e3o me queixo&#8221;, garantiu o t\u00e9cnico do Leeds.\u00a0<\/p>\n<p> <img decoding=\"async\" src=\"https:\/\/www.europesays.com\/pt\/wp-content\/uploads\/2025\/12\/naom_692c62cf7481b.jpg\" border=\"0\" alt=\"Not\u00edcias ao Minuto\" height=\"360\"\/> Donnarumma esteve a ser assistido durante cerca de dois minutos.\u00a0<br \/>\u00a9 Getty Images \u00a0<\/p>\n<p>                                                    A rea\u00e7\u00e3o de Guardiola<\/p>\n<p>Confrontado com a situa\u00e7\u00e3o, Pep Guardiola garantiu n\u00e3o ter dado qualquer indica\u00e7\u00e3o a Donnarumma para simular uma les\u00e3o e disse, inclusive, que mandou James Trafford para aquecer porque achava que iria mesmo precisar de substituir o guarda-redes italiano.\u00a0<\/p>\n<p>&#8220;Eu n\u00e3o falei com o Gigio. Quando aquilo aconteceu, olhei para tr\u00e1s para o banco e disse: &#8216;James, vai aquecer&#8217;. Eu n\u00e3o sei. Na pr\u00f3xima confer\u00eancia de imprensa podem perguntar. Vou falar com o Gigio&#8221;, prometeu Guardiola.<\/p>\n<p>                                                    O que dizem as regras?\u00a0<\/p>\n<p>Este momento no Manchester City-Leeds tem dado muito que falar neste fim de semana e vale a pena recordar o que dizem as exce\u00e7\u00f5es previstas nas regras estipuladas pelo International Football Association Board. O \u00e1rbitro ser\u00e1 sempre o \u00faltimo a decidir mas deve t\u00ea-las em conta\u00a0sempre que um jogador recebe assist\u00eancia m\u00e9dica no relvado:\u00a0<\/p>\n<ul>&#13;<\/p>\n<li>o jogador lesionado for um guarda-redes;\u00a0<\/li>\n<p>&#13;<\/p>\n<li>um guarda-redes e um jogador de campo que choquem e que precisem de assist\u00eancia;\u00a0<\/li>\n<p>&#13;<\/p>\n<li>um jogador lesionado por outro a quem tenha sido mostrado um cart\u00e3o amarelo ou vermelho;\u00a0<\/li>\n<p>&#13;<\/p>\n<li>caso tenha sido assinalado pen\u00e1ti e o marcador seja o jogador lesionado.<\/li>\n<p>&#13;\n                                                    <\/ul>\n<p>Ainda sobre o jogo em quest\u00e3o, recorde-se que o Leeds conseguiria, ap\u00f3s a palestra, chegar ao golo do empate, mas Phil Foden, j\u00e1 no per\u00edodo de descontos, devolveu a vantagem aos caseiros e o Manchester City acabaria mesmo por vencer o encontro e aproximar-se da lideran\u00e7a.\u00a0<\/p>\n<p>                                                    <img decoding=\"async\" src=\"https:\/\/www.europesays.com\/pt\/wp-content\/uploads\/2025\/12\/naom_692b37095c0c3.jpg\" border=\"0\" alt=\"Phil Foden motivou a loucura no Etihad com este golo ante o Leeds\"\/><\/p>\n<p>O Manchester City evitou, na tarde deste s\u00e1bado, aquele que seria o sexto trope\u00e7\u00e3o na luta pelo t\u00edtulo da Premier League. A forma\u00e7\u00e3o de Pep Guardiola teve de sofrer para vencer na rece\u00e7\u00e3o ao Leeds (3-2), em jogo da 13.\u00aa jornada.<\/p>\n<p>                                                     Luis J\u00fanior | 18:15 &#8211; 29\/11\/2025 <\/p>\n<p>A equipa dos portugueses Ruben Dias, Matheus Nunes e Bernardo Silva, todos eles titulares ontem, fica \u00e0 espera do desfecho da partida entre Chelsea e Arsenal, que acontecer\u00e1 na tarde deste domingo.\u00a0<\/p>\n<p>Leia Tamb\u00e9m: <a href=\"https:\/\/www.noticiasaominuto.com\/desporto\/2896886\/do-conforto-ao-sofrimento-phil-foden-salva-manchester-city-de-descalabro\" target=\"_blank\" rel=\"noopener noreferrer nofollow\">Do conforto ao sofrimento. Phil Foden salva Manchester City de descalabro<\/a><\/p>\n","protected":false},"excerpt":{"rendered":"A vit\u00f3ria arrancada a ferros pelo Manchester City frente ao Leeds (3-2), na tarde de s\u00e1bado, continua a&hellip;\n","protected":false},"author":2,"featured_media":172029,"comment_status":"","ping_status":"","sticky":false,"template":"","format":"standard","meta":{"footnotes":""},"categories":[87],"tags":[135,32,33,134],"class_list":{"0":"post-172028","1":"post","2":"type-post","3":"status-publish","4":"format-standard","5":"has-post-thumbnail","7":"category-desporto","8":"tag-desporto","9":"tag-portugal","10":"tag-pt","11":"tag-sports"},"share_on_mastodon":{"url":"https:\/\/pubeurope.com\/@pt\/115645436034715537","error":""},"_links":{"self":[{"href":"https:\/\/www.europesays.com\/pt\/wp-json\/wp\/v2\/posts\/172028","targetHints":{"allow":["GET"]}}],"collection":[{"href":"https:\/\/www.europesays.com\/pt\/wp-json\/wp\/v2\/posts"}],"about":[{"href":"https:\/\/www.europesays.com\/pt\/wp-json\/wp\/v2\/types\/post"}],"author":[{"embeddable":true,"href":"https:\/\/www.europesays.com\/pt\/wp-json\/wp\/v2\/users\/2"}],"replies":[{"embeddable":true,"href":"https:\/\/www.europesays.com\/pt\/wp-json\/wp\/v2\/comments?post=172028"}],"version-history":[{"count":0,"href":"https:\/\/www.europesays.com\/pt\/wp-json\/wp\/v2\/posts\/172028\/revisions"}],"wp:featuredmedia":[{"embeddable":true,"href":"https:\/\/www.europesays.com\/pt\/wp-json\/wp\/v2\/media\/172029"}],"wp:attachment":[{"href":"https:\/\/www.europesays.com\/pt\/wp-json\/wp\/v2\/media?parent=172028"}],"wp:term":[{"taxonomy":"category","embeddable":true,"href":"https:\/\/www.europesays.com\/pt\/wp-json\/wp\/v2\/categories?post=172028"},{"taxonomy":"post_tag","embeddable":true,"href":"https:\/\/www.europesays.com\/pt\/wp-json\/wp\/v2\/tags?post=172028"}],"curies":[{"name":"wp","href":"https:\/\/api.w.org\/{rel}","templated":true}]}}