{"id":172043,"date":"2025-12-01T17:31:09","date_gmt":"2025-12-01T17:31:09","guid":{"rendered":"https:\/\/www.europesays.com\/pt\/172043\/"},"modified":"2025-12-01T17:31:09","modified_gmt":"2025-12-01T17:31:09","slug":"fanny-rodrigues-vai-casar-e-ser-mae-tarologa-maria-helena-revela-estao-a-controlar","status":"publish","type":"post","link":"https:\/\/www.europesays.com\/pt\/172043\/","title":{"rendered":"Fanny Rodrigues vai casar e ser m\u00e3e? Tar\u00f3loga Maria Helena revela: \u201cEst\u00e3o a controlar&#8230;&#8221;"},"content":{"rendered":"<p>A tar\u00f3loga\u00a0Maria Helena esteve no programa \u2018Manh\u00e3 CM\u2019, da CMTV, esta segunda-feira, dia 1 de dezembro, e foi desafiada por Teresa Guilherme e Rui Oliveira a ler o que dizem as cartas sobre a rela\u00e7\u00e3o de Fanny Rodrigues e Detchi.<\/p>\n<p>Depois do <a href=\"https:\/\/www.hiper.fm\/noivado-fanny-rodrigues-esclarece-significado-do-anel-vou-viver-contigo-para\/\" target=\"_blank\" rel=\"noopener nofollow\">anel oferecido pelo namorado<\/a>, durante a viagem \u00e0s Maldivas, os anfitri\u00f5es e os comentadores Beatriz Prates e L\u00e9o Caeiro, da rubrica \u2018Not\u00edcias dos Famosos\u2019, ficaram curiosos com o futuro da rela\u00e7\u00e3o.<\/p>\n<p>A tar\u00f3loga\u00a0Maria Helena revelou que o casal pode vir a ficar noivo: <strong>\u201cPodem ficar\u201d<\/strong>. Em seguida, disse: <strong>\u201cEles est\u00e3o a controlar a situa\u00e7\u00e3o, \u00e9 o que est\u00e1 aqui a sair, mas est\u00e3o a pensar ficar. E abund\u00e2ncia, portanto, \u00e9 muito prov\u00e1vel que fique noiva e que isto v\u00e1 para a frente\u201d<\/strong>.<\/p>\n<p>Depois, a profissional viu se Fanny Rodrigues iria ser m\u00e3e novamente:<strong> \u201cN\u00e3o vou dizer agora que vai ser j\u00e1, mas se no futuro vai ser. Vamos ver se est\u00e1 favorecida. N\u00f3s temos aqui realiza\u00e7\u00e3o, portanto, sim [\u2026]\u201d<\/strong>.<\/p>\n","protected":false},"excerpt":{"rendered":"A tar\u00f3loga\u00a0Maria Helena esteve no programa \u2018Manh\u00e3 CM\u2019, da CMTV, esta segunda-feira, dia 1 de dezembro, e foi&hellip;\n","protected":false},"author":2,"featured_media":172044,"comment_status":"","ping_status":"","sticky":false,"template":"","format":"standard","meta":{"footnotes":""},"categories":[85],"tags":[1435,9402,1661,31668,114,115,5795,14706,24798,32,33,35987],"class_list":{"0":"post-172043","1":"post","2":"type-post","3":"status-publish","4":"format-standard","5":"has-post-thumbnail","7":"category-entretenimento","8":"tag-casamento","9":"tag-cmtv","10":"tag-destaque","11":"tag-detchi","12":"tag-entertainment","13":"tag-entretenimento","14":"tag-fanny-rodrigues","15":"tag-manhu00e3-cm","16":"tag-maria-helena","17":"tag-portugal","18":"tag-pt","19":"tag-taru00f3loga"},"share_on_mastodon":{"url":"https:\/\/pubeurope.com\/@pt\/115645506172360107","error":""},"_links":{"self":[{"href":"https:\/\/www.europesays.com\/pt\/wp-json\/wp\/v2\/posts\/172043","targetHints":{"allow":["GET"]}}],"collection":[{"href":"https:\/\/www.europesays.com\/pt\/wp-json\/wp\/v2\/posts"}],"about":[{"href":"https:\/\/www.europesays.com\/pt\/wp-json\/wp\/v2\/types\/post"}],"author":[{"embeddable":true,"href":"https:\/\/www.europesays.com\/pt\/wp-json\/wp\/v2\/users\/2"}],"replies":[{"embeddable":true,"href":"https:\/\/www.europesays.com\/pt\/wp-json\/wp\/v2\/comments?post=172043"}],"version-history":[{"count":0,"href":"https:\/\/www.europesays.com\/pt\/wp-json\/wp\/v2\/posts\/172043\/revisions"}],"wp:featuredmedia":[{"embeddable":true,"href":"https:\/\/www.europesays.com\/pt\/wp-json\/wp\/v2\/media\/172044"}],"wp:attachment":[{"href":"https:\/\/www.europesays.com\/pt\/wp-json\/wp\/v2\/media?parent=172043"}],"wp:term":[{"taxonomy":"category","embeddable":true,"href":"https:\/\/www.europesays.com\/pt\/wp-json\/wp\/v2\/categories?post=172043"},{"taxonomy":"post_tag","embeddable":true,"href":"https:\/\/www.europesays.com\/pt\/wp-json\/wp\/v2\/tags?post=172043"}],"curies":[{"name":"wp","href":"https:\/\/api.w.org\/{rel}","templated":true}]}}