{"id":172045,"date":"2025-12-01T17:32:19","date_gmt":"2025-12-01T17:32:19","guid":{"rendered":"https:\/\/www.europesays.com\/pt\/172045\/"},"modified":"2025-12-01T17:32:19","modified_gmt":"2025-12-01T17:32:19","slug":"descoberta-de-40-mil-asteroides-levanta-alerta-urgente-para-o-futuro-da-terra-noticias-r7","status":"publish","type":"post","link":"https:\/\/www.europesays.com\/pt\/172045\/","title":{"rendered":"Descoberta de 40 mil asteroides levanta alerta urgente para o futuro da Terra \u2013 Noticias R7"},"content":{"rendered":"<p><img decoding=\"async\" data-chromatic=\"ignore\" alt=\"\" class=\"c-image\" loading=\"lazy\" src=\"https:\/\/www.europesays.com\/pt\/wp-content\/uploads\/2025\/12\/7KZ3632XTVCMJAENO7L2T7CBKE.jpeg\"  width=\"2048\" height=\"1152\"\/>N\u00famero de asteroides pr\u00f3ximos da Terra ultrapassa marca hist\u00f3rica. (Imagem: Gerada por IA\/ Gemini) Fala Ci\u00eancia <\/p>\n<p class=\"jarvics:base-text-neutral-high-400 base-text-[calc(theme(fontSize.xs)_*_var(--font-size,_1))] base-font-normal base-font-primary base-text-neutral-low-500 base-text-left\">\n<p>A cada ano, o mapeamento do espa\u00e7o ao redor da Terra revela um cen\u00e1rio mais complexo do que imagin\u00e1vamos. A marca recente de <strong>40 mil asteroides pr\u00f3ximos da Terra identificados<\/strong> n\u00e3o \u00e9 apenas um n\u00famero impressionante \u00e9 um lembrete de que o ambiente espacial \u00e9 profundamente din\u00e2mico e exige vigil\u00e2ncia constante. A multiplica\u00e7\u00e3o dessas detec\u00e7\u00f5es decorre tanto da melhoria das tecnologias de observa\u00e7\u00e3o quanto do esfor\u00e7o global em monitorar amea\u00e7as que, por muito tempo, permaneceram invis\u00edveis.<\/p>\n<\/p>\n<p class=\"jarvics:base-text-neutral-high-400 base-text-[calc(theme(fontSize.xs)_*_var(--font-size,_1))] base-font-normal base-font-primary base-text-neutral-low-500 base-text-left\">\n<p>Essa expans\u00e3o no cat\u00e1logo tamb\u00e9m confirma um ponto essencial: quanto mais olhamos para o c\u00e9u com precis\u00e3o, mais percebemos o quanto ainda falta conhecer. Destaques do avan\u00e7o recente:<\/p>\n<\/p>\n<p class=\"jarvics:base-text-neutral-high-400 base-text-[calc(theme(fontSize.xs)_*_var(--font-size,_1))] base-font-normal base-font-primary base-text-neutral-low-500 base-text-left\">\n<ul class=\"wp-block-list\">\n<li>\n<strong>Mais de 40 mil asteroides pr\u00f3ximos da Terra<\/strong> catalogados oficialmente;<\/li>\n<li>Ritmo acelerado gra\u00e7as a <strong>levantamentos automatizados<\/strong> iniciados nos anos 1990;<\/li>\n<li>Telesc\u00f3pios de nova gera\u00e7\u00e3o devem ampliar o n\u00famero de descobertas;<\/li>\n<li>\n<strong>Asteroides m\u00e9dios<\/strong> seguem como o maior desafio de detec\u00e7\u00e3o;<\/li>\n<li>Monitoramento cont\u00ednuo aprimora estrat\u00e9gias de <strong>defesa planet\u00e1ria<\/strong>.<\/li>\n<\/ul>\n<p class=\"jarvics:base-text-neutral-high-400 base-text-[calc(theme(fontSize.xs)_*_var(--font-size,_1))] base-font-normal base-font-primary base-text-neutral-low-500 base-text-left\"><strong>O universo pr\u00f3ximo est\u00e1 mais movimentado do que parece<\/strong><\/p>\n<p class=\"jarvics:base-text-neutral-high-400 base-text-[calc(theme(fontSize.xs)_*_var(--font-size,_1))] base-font-normal base-font-primary base-text-neutral-low-500 base-text-left\">\n<p>Os chamados <strong>NEAs<\/strong> orbitam em trajet\u00f3rias que podem chegar a 45 milh\u00f5es de quil\u00f4metros da \u00f3rbita terrestre. Embora essa dist\u00e2ncia pare\u00e7a confort\u00e1vel, ela \u00e9 suficientemente curta para exigir acompanhamento rigoroso. O salto nas detec\u00e7\u00f5es ocorreu principalmente ap\u00f3s a ado\u00e7\u00e3o de sistemas autom\u00e1ticos capazes de vasculhar grandes \u00e1reas do c\u00e9u repetidas vezes, identificando objetos pequenas e r\u00e1pidos.<\/p>\n<\/p>\n<p><img decoding=\"async\" data-chromatic=\"ignore\" alt=\"\" class=\"c-image\" loading=\"lazy\" src=\"https:\/\/www.europesays.com\/pt\/wp-content\/uploads\/2025\/12\/4ZSX5QXPMBCWZHISLPQR5ROOPE.jpeg\"  width=\"1024\" height=\"576\"\/>Cat\u00e1logo de 40 mil asteroides refor\u00e7a alerta global de monitoramento. (Imagem: Gerada por IA\/ Gemini)<br \/>\n Fala Ci\u00eancia <\/p>\n<p class=\"jarvics:base-text-neutral-high-400 base-text-[calc(theme(fontSize.xs)_*_var(--font-size,_1))] base-font-normal base-font-primary base-text-neutral-low-500 base-text-left\">\n<p>Entre as ferramentas que impulsionam essa revolu\u00e7\u00e3o destaca-se o <strong>Observat\u00f3rio Vera C. Rubin<\/strong>, que iniciou opera\u00e7\u00f5es com capacidade de imageamento em larga escala. A ESA tamb\u00e9m investe no projeto <strong>Flyeye<\/strong>, um conjunto de telesc\u00f3pios com campo de vis\u00e3o ampliado para cobrir regi\u00f5es do c\u00e9u antes pouco exploradas.<\/p>\n<\/p>\n<p class=\"jarvics:base-text-neutral-high-400 base-text-[calc(theme(fontSize.xs)_*_var(--font-size,_1))] base-font-normal base-font-primary base-text-neutral-low-500 base-text-left\"><strong>Riscos reais, previs\u00f5es precisas e o futuro da vigil\u00e2ncia<\/strong><\/p>\n<p class=\"jarvics:base-text-neutral-high-400 base-text-[calc(theme(fontSize.xs)_*_var(--font-size,_1))] base-font-normal base-font-primary base-text-neutral-low-500 base-text-left\">\n<p>Apesar do grande n\u00famero de asteroides registrados, a maioria dos objetos capazes de provocar impactos globais j\u00e1 foi catalogada. Entretanto, h\u00e1 um grupo que merece aten\u00e7\u00e3o: asteroides entre <strong>100 e 300 metros<\/strong>, dif\u00edceis de localizar e potencialmente destrutivos em escala regional.<\/p>\n<\/p>\n<p class=\"jarvics:base-text-neutral-high-400 base-text-[calc(theme(fontSize.xs)_*_var(--font-size,_1))] base-font-normal base-font-primary base-text-neutral-low-500 base-text-left\">\n<p>Para antecipar riscos, algoritmos projetados para prever trajet\u00f3rias ao longo de d\u00e9cadas incorporam continuamente novos dados. Paralelamente, miss\u00f5es dedicadas \u00e0 mitiga\u00e7\u00e3o de impactos, como a <strong>Hera<\/strong>, e futuras iniciativas no infravermelho, como o <strong>NEOMIR<\/strong>, ampliam nossa capacidade de resposta.<\/p>\n<\/p>\n<p class=\"jarvics:base-text-neutral-high-400 base-text-[calc(theme(fontSize.xs)_*_var(--font-size,_1))] base-font-normal base-font-primary base-text-neutral-low-500 base-text-left\">\n<p>O avan\u00e7o cient\u00edfico mostra que estamos mais preparados do que nunca, mas refor\u00e7a tamb\u00e9m que compreender o espa\u00e7o ao nosso redor \u00e9 um trabalho cont\u00ednuo, um trabalho que, a cada nova descoberta, redefine nossa percep\u00e7\u00e3o de seguran\u00e7a planet\u00e1ria.<\/p><\/p>\n","protected":false},"excerpt":{"rendered":"N\u00famero de asteroides pr\u00f3ximos da Terra ultrapassa marca hist\u00f3rica. (Imagem: Gerada por IA\/ Gemini) Fala Ci\u00eancia A cada&hellip;\n","protected":false},"author":2,"featured_media":172046,"comment_status":"","ping_status":"","sticky":false,"template":"","format":"standard","meta":{"footnotes":""},"categories":[84],"tags":[109,107,108,32,33,105,103,104,106,110],"class_list":{"0":"post-172045","1":"post","2":"type-post","3":"status-publish","4":"format-standard","5":"has-post-thumbnail","7":"category-ciencia-e-tecnologia","8":"tag-ciencia","9":"tag-ciencia-e-tecnologia","10":"tag-cienciaetecnologia","11":"tag-portugal","12":"tag-pt","13":"tag-science","14":"tag-science-and-technology","15":"tag-scienceandtechnology","16":"tag-technology","17":"tag-tecnologia"},"share_on_mastodon":{"url":"https:\/\/pubeurope.com\/@pt\/115645510215033549","error":""},"_links":{"self":[{"href":"https:\/\/www.europesays.com\/pt\/wp-json\/wp\/v2\/posts\/172045","targetHints":{"allow":["GET"]}}],"collection":[{"href":"https:\/\/www.europesays.com\/pt\/wp-json\/wp\/v2\/posts"}],"about":[{"href":"https:\/\/www.europesays.com\/pt\/wp-json\/wp\/v2\/types\/post"}],"author":[{"embeddable":true,"href":"https:\/\/www.europesays.com\/pt\/wp-json\/wp\/v2\/users\/2"}],"replies":[{"embeddable":true,"href":"https:\/\/www.europesays.com\/pt\/wp-json\/wp\/v2\/comments?post=172045"}],"version-history":[{"count":0,"href":"https:\/\/www.europesays.com\/pt\/wp-json\/wp\/v2\/posts\/172045\/revisions"}],"wp:featuredmedia":[{"embeddable":true,"href":"https:\/\/www.europesays.com\/pt\/wp-json\/wp\/v2\/media\/172046"}],"wp:attachment":[{"href":"https:\/\/www.europesays.com\/pt\/wp-json\/wp\/v2\/media?parent=172045"}],"wp:term":[{"taxonomy":"category","embeddable":true,"href":"https:\/\/www.europesays.com\/pt\/wp-json\/wp\/v2\/categories?post=172045"},{"taxonomy":"post_tag","embeddable":true,"href":"https:\/\/www.europesays.com\/pt\/wp-json\/wp\/v2\/tags?post=172045"}],"curies":[{"name":"wp","href":"https:\/\/api.w.org\/{rel}","templated":true}]}}