{"id":172047,"date":"2025-12-01T17:37:26","date_gmt":"2025-12-01T17:37:26","guid":{"rendered":"https:\/\/www.europesays.com\/pt\/172047\/"},"modified":"2025-12-01T17:37:26","modified_gmt":"2025-12-01T17:37:26","slug":"no-aniversario-angelica-ganha-mensagens-do-marido-nora-e-filhos-e-celebra-com-bolo-em-casa","status":"publish","type":"post","link":"https:\/\/www.europesays.com\/pt\/172047\/","title":{"rendered":"No anivers\u00e1rio, Ang\u00e9lica ganha mensagens do marido, nora e filhos e celebra com bolo em casa"},"content":{"rendered":"<p>A apresentadora\u00a0<a href=\"https:\/\/caras.com.br\/tags\/angelica\" rel=\"nofollow noopener\" target=\"_blank\"><strong>Ang\u00e9lica<\/strong><\/a> comemorou a chegada dos 52 anos de vida neste domingo, 31, e <a href=\"https:\/\/caras.com.br\/esporte\/filho-de-luciano-huck-e-angelica-diz-se-vai-se-tornar-um-lutador-de-jiu-jitsu-profissional.phtml\" rel=\"nofollow noopener\" target=\"_blank\">compartilhou em suas redes sociais<\/a> que recebeu uma s\u00e9rie de mensagens carinhosas de amigos e familiares. Entre elas, um recado especial da nora, <strong>Manoela Esteves<\/strong>, e dos filhos, <strong><a href=\"https:\/\/caras.com.br\/tags\/benicio-huck\" target=\"_blank\" rel=\"noopener nofollow\" data-mrf-link=\"https:\/\/caras.com.br\/tags\/benicio-huck\">Ben\u00edcio Huck<\/a><\/strong>, <a href=\"https:\/\/caras.com.br\/tags\/joaquim-huck\" rel=\"nofollow noopener\" target=\"_blank\">\u00a0<strong>Joaquim Huck<\/strong>,<\/a> e Eva Huck.<\/p>\n<p>Assim como o namorado, a jovem costuma ser discreta nas redes sociais, mas n\u00e3o deixou de demonstrar carinho pela sogra e evidenciar a boa rela\u00e7\u00e3o entre elas. \u201cFeliz anivers\u00e1rio, tia Ang\u00e9lica. Te desejo tudo de mais lindo sempre! Obrigada por tantos momentos juntas. Amo voc\u00ea\u201d, escreveu Manoela.<\/p>\n<p> Mensagens dos filhos e do marido <\/p>\n<p>E <strong>Joaquim Huck<\/strong> tamb\u00e9m escreveu uma mensagem especial para a m\u00e3e. \u201cAnivers\u00e1rio da mulher mais especial e linda do mundo! Te amo, m\u00e3e\u201d, exaltou oprimog\u00eanito dos apresentadores.<\/p>\n<p>J\u00e1 Ben\u00edcio escreveu: \u201cDia da mulher mais incr\u00edvel do mundo! Feliz anivers\u00e1rio, m\u00e3e! Te amo\u201d, declarou<\/p>\n<p>Posteriormente, Eva, de 13 anos, tamb\u00e9m se declarou para a m\u00e3e. \u201cHoje \u00e9 seu dia, dia da pessoa que me deu a vida. M\u00e3e, saiba que voc\u00ea \u00e9 muito importante para mim e que eu n\u00e3o imagino minha vida sem voc\u00ea. Voc\u00ea \u00e9 a melhor pessoa do mundo e sei que posso contar pra tudo sempre. M\u00e3e, voc\u00ea \u00e9 minha maior inspira\u00e7\u00e3o! [\u2026] Voc\u00ea \u00e9 a luz na minha vida. Te amo\u201d, declarou a adolescente.<\/p>\n<p>Luciano Huck tamb\u00e9m publicou uma declara\u00e7\u00e3o para a amada. \u201cFeliz anivers\u00e1rio @angelicaksy . Te amo, mais que batata frita. E seguimos juntos escrevendo a nossa hist\u00f3ria, com este amor incondicional, admira\u00e7\u00e3o imensur\u00e1vel, orgulho estratosf\u00e9rico e risadas deliciosas\u201d.<\/p>\n<p> Veja: <img loading=\"lazy\" decoding=\"async\" class=\"size-full wp-image-1037907 img-fluid lazy\" alt=\"Manoela Esteves homenageia Ang\u00e9lica \u2014 Foto: Instagram\" width=\"800\" height=\"1421\" src=\"https:\/\/www.europesays.com\/pt\/wp-content\/uploads\/2025\/12\/angelica.jpg\"  \/>Manoela Esteves homenageia Ang\u00e9lica \u2014 Foto: Instagram <img loading=\"lazy\" decoding=\"async\" class=\"size-full wp-image-1037906 img-fluid lazy\" alt=\"Joaquim Huck parabeniza Ang\u00e9lica \u2014 Foto: Instagram\" width=\"800\" height=\"1421\" src=\"https:\/\/www.europesays.com\/pt\/wp-content\/uploads\/2025\/12\/angelica1.jpg\"  \/>Joaquim Huck parabeniza Ang\u00e9lica \u2014 Foto: Instagram <img loading=\"lazy\" decoding=\"async\" class=\"size-full wp-image-1037905 img-fluid lazy\" alt=\"Eva Huck homenageia Ang\u00e9lica \u2014 Foto: Instagram\" width=\"800\" height=\"1422\" src=\"https:\/\/www.europesays.com\/pt\/wp-content\/uploads\/2025\/12\/angelica2.jpg\"  \/>Eva Huck homenageia Ang\u00e9lica \u2014 Foto: Instagram <img loading=\"lazy\" decoding=\"async\" class=\"size-full wp-image-1037904 img-fluid lazy\" alt=\"Ben\u00edcio Huck parabeniza Ang\u00e9lica \u2014 Foto: Instagram\" width=\"800\" height=\"1421\" src=\"https:\/\/www.europesays.com\/pt\/wp-content\/uploads\/2025\/12\/angelica3.jpg\"  \/>Ben\u00edcio Huck parabeniza Ang\u00e9lica \u2014 Foto: Instagram Comemora\u00e7\u00e3o em casa <\/p>\n<p>Ap\u00f3s compartilhar as homenagens, Ang\u00e9lica mostrou que celebrou a data em fam\u00edlia e ainda apareceu apagando as velinhas do bolo. \u201cTermino o dia com o cora\u00e7\u00e3o transbordando em gratid\u00e3o\u201d, agradeceu. \u201cForam tantas demonstra\u00e7\u00f5es de carinho e amor\u2026 Obrigada minha fam\u00edlia, amigos, companheiros de jornada e f\u00e3s. Obrigada, meu Deus. Prometo honrar o tempo com leveza e prop\u00f3sito. Vida a vida e viva o presente. Amo voc\u00eas\u201d, declarou.<\/p>\n<p> <img loading=\"lazy\" decoding=\"async\" class=\"wp-image-1037909 img-fluid lazy\" alt=\"Ang\u00e9lica celebra anivers\u00e1rio - Foto: Instagram\" width=\"800\" height=\"1424\" src=\"https:\/\/www.europesays.com\/pt\/wp-content\/uploads\/2025\/12\/angelica3-1.jpg\"  \/>Ang\u00e9lica celebra anivers\u00e1rio \u2013 Foto: Instagram <\/p>\n<p>Leia tamb\u00e9m: <a href=\"https:\/\/caras.com.br\/beleza\/angelica-faz-topless-em-viagem-com-o-marido-no-seu-aniversario.phtml\" rel=\"nofollow noopener\" target=\"_blank\">Ang\u00e9lica faz topless em viagem com o marido no seu anivers\u00e1rio<\/a><\/p>\n<blockquote class=\"instagram-media\" style=\"background: #FFF; border: 0; border-radius: 3px; box-shadow: 0 0 1px 0 rgba(0,0,0,0.5),0 1px 10px 0 rgba(0,0,0,0.15); margin: 1px; max-width: 540px; min-width: 326px; padding: 0; width: calc(100% - 2px);\" data-instgrm-captioned=\"\" data-instgrm-permalink=\"https:\/\/www.instagram.com\/reel\/DRqnOJDDoy6\/?utm_source=ig_embed&amp;utm_campaign=loading\" data-instgrm-version=\"14\"><\/blockquote>\n<p>        <a href=\"https:\/\/caras.com.br\/autor\/juliana-dracz\" rel=\"nofollow noopener\" target=\"_blank\">&#13;<br \/>\n          <img loading=\"lazy\" decoding=\"async\" alt=\"Juliana Dracz\" src=\"https:\/\/www.europesays.com\/pt\/wp-content\/uploads\/2025\/09\/436551461_2434711450057729_5105646040807821088_n_sqmd.png\" class=\"avatar avatar-115 photo rounded-circle\" height=\"115\" width=\"115\"\/>        <\/a><\/p>\n<p>Juliana Dracz \u00e9 rep\u00f3rter de conte\u00fado do site CARAS. Formada em Jornalismo pela Universidade Cat\u00f3lica de Bras\u00edlia, ela j\u00e1 trabalhou em grandes sites de entretenimento. Atualmente, escreve sobre novelas, celebridades e TV.<\/p>\n<p>\t                                            <script async src=\"\/\/www.instagram.com\/embed.js\"><\/script><\/p>\n","protected":false},"excerpt":{"rendered":"A apresentadora\u00a0Ang\u00e9lica comemorou a chegada dos 52 anos de vida neste domingo, 31, e compartilhou em suas redes&hellip;\n","protected":false},"author":2,"featured_media":172048,"comment_status":"","ping_status":"","sticky":false,"template":"","format":"standard","meta":{"footnotes":""},"categories":[145],"tags":[13885,29153,211,210,114,115,22651,35988,35989,32,33],"class_list":{"0":"post-172047","1":"post","2":"type-post","3":"status-publish","4":"format-standard","5":"has-post-thumbnail","7":"category-celebridades","8":"tag-angelica","9":"tag-benicio-huck","10":"tag-celebridades","11":"tag-celebrities","12":"tag-entertainment","13":"tag-entretenimento","14":"tag-eva-huck","15":"tag-joaquim-huck","16":"tag-namorada-de-joaquim-huck","17":"tag-portugal","18":"tag-pt"},"share_on_mastodon":{"url":"https:\/\/pubeurope.com\/@pt\/115645530035820423","error":""},"_links":{"self":[{"href":"https:\/\/www.europesays.com\/pt\/wp-json\/wp\/v2\/posts\/172047","targetHints":{"allow":["GET"]}}],"collection":[{"href":"https:\/\/www.europesays.com\/pt\/wp-json\/wp\/v2\/posts"}],"about":[{"href":"https:\/\/www.europesays.com\/pt\/wp-json\/wp\/v2\/types\/post"}],"author":[{"embeddable":true,"href":"https:\/\/www.europesays.com\/pt\/wp-json\/wp\/v2\/users\/2"}],"replies":[{"embeddable":true,"href":"https:\/\/www.europesays.com\/pt\/wp-json\/wp\/v2\/comments?post=172047"}],"version-history":[{"count":0,"href":"https:\/\/www.europesays.com\/pt\/wp-json\/wp\/v2\/posts\/172047\/revisions"}],"wp:featuredmedia":[{"embeddable":true,"href":"https:\/\/www.europesays.com\/pt\/wp-json\/wp\/v2\/media\/172048"}],"wp:attachment":[{"href":"https:\/\/www.europesays.com\/pt\/wp-json\/wp\/v2\/media?parent=172047"}],"wp:term":[{"taxonomy":"category","embeddable":true,"href":"https:\/\/www.europesays.com\/pt\/wp-json\/wp\/v2\/categories?post=172047"},{"taxonomy":"post_tag","embeddable":true,"href":"https:\/\/www.europesays.com\/pt\/wp-json\/wp\/v2\/tags?post=172047"}],"curies":[{"name":"wp","href":"https:\/\/api.w.org\/{rel}","templated":true}]}}