{"id":172055,"date":"2025-12-01T17:44:11","date_gmt":"2025-12-01T17:44:11","guid":{"rendered":"https:\/\/www.europesays.com\/pt\/172055\/"},"modified":"2025-12-01T17:44:11","modified_gmt":"2025-12-01T17:44:11","slug":"hansi-flick-e-a-ausencia-de-ronald-araujo-e-uma-situacao-privada-barcelona","status":"publish","type":"post","link":"https:\/\/www.europesays.com\/pt\/172055\/","title":{"rendered":"Hansi Flick e a aus\u00eancia de Ronald Ara\u00fajo: \u00ab\u00c9 uma situa\u00e7\u00e3o privada&#8230;\u00bb &#8211; Barcelona"},"content":{"rendered":"<p>                    13:43<\/p>\n<p>Treinador do Barcelona revelou em confer\u00eancia de imprensa que o defesa-central continuar\u00e1 de fora das op\u00e7\u00f5es <\/p>\n<p class=\"\">&#13;<br \/>\n        Hansi Flick informou esta segunda-feira que Ronald Ara\u00fajo vai continuar de fora das suas op\u00e7\u00f5es, n\u00e3o estando por isso dispon\u00edvel para o jogo de amanh\u00e3 com o Atl\u00e9tico Madrid (20h).&#13;\n    <\/p>\n<p class=\"\">&#13;<br \/>\n        Em confer\u00eancia de imprensa, o treinador do Barcelona apenas explicou que a aus\u00eancia do defesa-central, que j\u00e1 tinha ficado de fora da convocat\u00f3ria para encontro com o Alav\u00e9s, deve-se a um problema pessoal. &#13;\n    <\/p>\n<p class=\"\">&#13;<br \/>\n        &#8220;O Ronald n\u00e3o est\u00e1 preparado. \u00c9 uma situa\u00e7\u00e3o privada e n\u00e3o direi mais nada, pe\u00e7o que respeitem isso. \u00c9 tudo o que posso e vou dizer&#8221;, afirmou.\u00a0&#13;\n    <\/p>\n<p class=\"moduleTitle\">Relacionadas<\/p>\n<p>                &#13;<\/p>\n<p>                            &#13;<br \/>\n                                <a href=\"https:\/\/www.record.pt\/internacional\/paises\/espanha\/barcelona\/detalhe\/revelado-o-motivo-da-apatia-de-hansi-flick-depois-do-jogo-com-o-alaves?ref=Detalhe_Relacionadas\" class=\"eventAnalytics\" data-analytics-action=\"REF_0\" data-analytics-label=\"https:\/\/www.record.pt\/internacional\/paises\/espanha\/barcelona\/detalhe\/revelado-o-motivo-da-apatia-de-hansi-flick-depois-do-jogo-com-o-alaves?ref=Detalhe_Relacionadas\" data-category=\"DET\" data-action=\"LINKS\" data-name=\"https:\/\/www.record.pt\/internacional\/paises\/espanha\/barcelona\/detalhe\/revelado-o-motivo-da-apatia-de-hansi-flick-depois-do-jogo-com-o-alaves?ref=Detalhe_Relacionadas\" data-consumer=\"ga,piwik\" title=\"\" rel=\"nofollow noopener\" target=\"_blank\">&#13;<br \/>\n                                    <img class=\"img-fluid b-lazy\"\/>&#13;<br \/>\n                                <\/a>&#13;<\/p>\n<p>                        &#13;<br \/>\n                    &#13;<\/p>\n<p>                &#13;<\/p>\n<p>                            &#13;<br \/>\n                                <a href=\"https:\/\/www.record.pt\/internacional\/paises\/espanha\/barcelona\/detalhe\/as-imagens-que-estao-a-preocupar-espanha-flick-abatido-a-conversa-com-raphinha?ref=Detalhe_Relacionadas\" class=\"eventAnalytics\" data-analytics-action=\"REF_1\" data-analytics-label=\"https:\/\/www.record.pt\/internacional\/paises\/espanha\/barcelona\/detalhe\/as-imagens-que-estao-a-preocupar-espanha-flick-abatido-a-conversa-com-raphinha?ref=Detalhe_Relacionadas\" data-category=\"DET\" data-action=\"LINKS\" data-name=\"https:\/\/www.record.pt\/internacional\/paises\/espanha\/barcelona\/detalhe\/as-imagens-que-estao-a-preocupar-espanha-flick-abatido-a-conversa-com-raphinha?ref=Detalhe_Relacionadas\" data-consumer=\"ga,piwik\" title=\"\" rel=\"nofollow noopener\" target=\"_blank\">&#13;<br \/>\n                                    <img class=\"img-fluid b-lazy\"\/>&#13;<br \/>\n                                <\/a>&#13;<\/p>\n<p>                        &#13;<br \/>\n                    &#13;<\/p>\n<p>                    Por Record<\/p>\n","protected":false},"excerpt":{"rendered":"13:43 Treinador do Barcelona revelou em confer\u00eancia de imprensa que o defesa-central continuar\u00e1 de fora das op\u00e7\u00f5es &#13;&hellip;\n","protected":false},"author":2,"featured_media":172056,"comment_status":"","ping_status":"","sticky":false,"template":"","format":"standard","meta":{"footnotes":""},"categories":[87],"tags":[135,32,33,134],"class_list":{"0":"post-172055","1":"post","2":"type-post","3":"status-publish","4":"format-standard","5":"has-post-thumbnail","7":"category-desporto","8":"tag-desporto","9":"tag-portugal","10":"tag-pt","11":"tag-sports"},"share_on_mastodon":{"url":"https:\/\/pubeurope.com\/@pt\/115645557455653543","error":""},"_links":{"self":[{"href":"https:\/\/www.europesays.com\/pt\/wp-json\/wp\/v2\/posts\/172055","targetHints":{"allow":["GET"]}}],"collection":[{"href":"https:\/\/www.europesays.com\/pt\/wp-json\/wp\/v2\/posts"}],"about":[{"href":"https:\/\/www.europesays.com\/pt\/wp-json\/wp\/v2\/types\/post"}],"author":[{"embeddable":true,"href":"https:\/\/www.europesays.com\/pt\/wp-json\/wp\/v2\/users\/2"}],"replies":[{"embeddable":true,"href":"https:\/\/www.europesays.com\/pt\/wp-json\/wp\/v2\/comments?post=172055"}],"version-history":[{"count":0,"href":"https:\/\/www.europesays.com\/pt\/wp-json\/wp\/v2\/posts\/172055\/revisions"}],"wp:featuredmedia":[{"embeddable":true,"href":"https:\/\/www.europesays.com\/pt\/wp-json\/wp\/v2\/media\/172056"}],"wp:attachment":[{"href":"https:\/\/www.europesays.com\/pt\/wp-json\/wp\/v2\/media?parent=172055"}],"wp:term":[{"taxonomy":"category","embeddable":true,"href":"https:\/\/www.europesays.com\/pt\/wp-json\/wp\/v2\/categories?post=172055"},{"taxonomy":"post_tag","embeddable":true,"href":"https:\/\/www.europesays.com\/pt\/wp-json\/wp\/v2\/tags?post=172055"}],"curies":[{"name":"wp","href":"https:\/\/api.w.org\/{rel}","templated":true}]}}