{"id":172057,"date":"2025-12-01T17:45:31","date_gmt":"2025-12-01T17:45:31","guid":{"rendered":"https:\/\/www.europesays.com\/pt\/172057\/"},"modified":"2025-12-01T17:45:31","modified_gmt":"2025-12-01T17:45:31","slug":"estudo-associa-ter-tatuagens-a-um-risco-29-maior-de-ter-o-cancro-da-pele-mais-perigoso","status":"publish","type":"post","link":"https:\/\/www.europesays.com\/pt\/172057\/","title":{"rendered":"Estudo associa ter tatuagens a um risco 29% maior de ter o cancro da pele mais perigoso"},"content":{"rendered":"<p class=\"wp-caption-text top\"><a href=\"https:\/\/pixabay.com\/pt\/photos\/tatuagem-tatuador-bra%C3%A7o-3268988\/\" rel=\"nofollow external noopener noreferrer\" data-wpel-link=\"external\" target=\"_blank\" class=\"ext-link\">(CC0\/PD) ilovetattoos \/ Flickr<\/a><\/p>\n<p><img decoding=\"async\" loading=\"lazy\" class=\"wp-image-276599 size-kopa-image-size-3\" src=\"https:\/\/www.europesays.com\/pt\/wp-content\/uploads\/2025\/09\/21001007c86a105896ad4ff26564b0cf-783x450.jpg\" alt=\"\" width=\"700\" height=\"402\"  \/><\/p>\n<p><strong>A pesquisa teve em conta fatores como o tipo de pele ou os h\u00e1bitos de exposi\u00e7\u00e3o solar e notou, mesmo assim, um aumento no risco de desenvolver melanoma.<\/strong><\/p>\n<p>As tatuagens podem proteger a pele dos raios nocivos do sol ou pioram a situa\u00e7\u00e3o? Um novo <a href=\"https:\/\/link.springer.com\/article\/10.1007\/s10654-025-01326-6\" data-wpel-link=\"external\" target=\"_blank\" rel=\"nofollow external noopener noreferrer\" class=\"ext-link\">estudo<\/a> publicado na sugere que pode haver motivos para preocupa\u00e7\u00e3o. Verific\u00e1mos que as pessoas com tatuagens <strong>apresentavam um risco 29% maior<\/strong> de desenvolver melanoma, uma forma grave de cancro de pele frequentemente associada \u00e0 exposi\u00e7\u00e3o aos raios ultravioleta (UV).<\/p>\n<p>No entanto, as tatuagens n\u00e3o pareceram aumentar o risco de carcinoma espinocelular, outro tipo de cancro de pele relacionado com os danos causados \u200b\u200bpelos raios UV. Embora ambos os tipos de cancro partilhem uma causa comum, t\u00eam <strong>origem em tipos de c\u00e9lulas diferentes<\/strong> e diferem em gravidade, sendo o melanoma muito mais perigoso.<\/p>\n<p>As tatuagens s\u00e3o uma poderosa forma de autoexpress\u00e3o e um pilar da identidade moderna. Na Su\u00e9cia, cerca de um em cada tr\u00eas adultos tem tatuagens, o que demonstra como a arte corporal se consolidou como uma pr\u00e1tica comum. Apesar da sua popularidade, os cientistas ainda <strong>n\u00e3o sabem se as tatuagens t\u00eam algum impacto na sa\u00fade<\/strong> ou como os seus potenciais efeitos se podem desenvolver ao longo do tempo.<\/p>\n<p>Os epidemiologistas est\u00e3o agora a tentar responder a estas perguntas. O trabalho \u00e9 desafiante porque as pessoas que optam por fazer tatuagens diferem frequentemente daquelas que n\u00e3o as fazem em <strong>aspetos que podem influenciar<\/strong> os resultados de sa\u00fade.<\/p>\n<p>Outra dificuldade \u00e9 que a maioria dos registos de sa\u00fade n\u00e3o indica se a pessoa tem tatuagens, o que significa que os padr\u00f5es a longo prazo <strong>s\u00e3o dif\u00edceis de estudar<\/strong>. Sem esta informa\u00e7\u00e3o b\u00e1sica, torna-se dif\u00edcil saber se as tatuagens em si desempenham um papel na sa\u00fade ou se as diferen\u00e7as s\u00e3o impulsionadas por outros fatores.<\/p>\n<p>O melanoma e o carcinoma de c\u00e9lulas escamosas desenvolvem-se lentamente e s\u00e3o relativamente incomuns, o que torna a investiga\u00e7\u00e3o a longo prazo desafiante. Acompanhar grandes grupos de pessoas tatuadas e n\u00e3o tatuadas durante muitos anos seria dispendioso e demorado. Portanto, a equipa usou uma abordagem diferente e come\u00e7ou com pessoas que <strong>j\u00e1 tinham sido diagnosticadas com cancro<\/strong> e analis\u00e1mos retrospetivamente para ver quem tinha tatuagens. Este tipo de investiga\u00e7\u00e3o, conhecido como estudo de caso-controlo, \u00e9 uma forma eficiente de detetar poss\u00edveis associa\u00e7\u00f5es.<\/p>\n<p>A Su\u00e9cia mant\u00e9m registos nacionais de alta qualidade que armazenam informa\u00e7\u00f5es sobre sa\u00fade e dados demogr\u00e1ficos. A partir do Registo Nacional de Cancro, identificaram todas as pessoas com idades compreendidas entre os 20 e os 60 anos que receberam o diagn\u00f3stico de melanoma em 2017 ou de carcinoma espinocelular entre 2014 e 2017.<\/p>\n<p>Este incluiu 2880 casos de melanoma e 2821 casos de carcinoma espinocelular. Para cada caso, foram <strong>selecionadas tr\u00eas pessoas de compara\u00e7\u00e3o<\/strong> da mesma idade e sexo do Registo da Popula\u00e7\u00e3o Total, que n\u00e3o tinham recebido diagn\u00f3stico de cancro de pele.<\/p>\n<p>De seguida, foram enviados question\u00e1rios a todos os participantes, perguntando sobre tatuagens, incluindo tatuagens decorativas, maquilhagem permanente e tatuagens para fins medicinais, bem como o seu tamanho, localiza\u00e7\u00e3o e idade da primeira tatuagem. Isto permitiu determinar se a pessoa tinha feito a tatuagem <strong>antes ou depois de desenvolver o cancro<\/strong>.<\/p>\n<p>Um total de 5695 pessoas participaram no estudo sobre o melanoma (1598 com melanoma) e 6151 no estudo sobre o carcinoma espinocelular (1600 com este tipo de cancro).<\/p>\n<p>As pessoas com tatuagens apresentaram um <strong>risco 29% maior de desenvolver melanoma<\/strong> em compara\u00e7\u00e3o com as que n\u00e3o tinham tatuagens. O aumento do risco pareceu ser maior nas pessoas com tatuagens h\u00e1 mais de dez anos, embora o n\u00famero de casos neste grupo fosse menor, pelo que os resultados devem ser interpretados com cautela.<\/p>\n<p>Para o carcinoma espinocelular, as<strong> tatuagens n\u00e3o fizeram qualquer diferen\u00e7a<\/strong>. Os resultados foram consistentes em todas as an\u00e1lises, sugerindo que n\u00e3o existe liga\u00e7\u00e3o entre as tatuagens e este tipo de cancro de pele.<\/p>\n<p>Tamb\u00e9m n\u00e3o foram encontradas evid\u00eancias de que tatuagens maiores aumentem o risco. Isto foi inesperado, dado que as <strong>tatuagens maiores cont\u00eam mais tinta<\/strong> e, portanto, mais subst\u00e2ncias potencialmente nocivas.<\/p>\n<p>Uma poss\u00edvel explica\u00e7\u00e3o \u00e9 que a tinta da tatuagem n\u00e3o permanece confinada \u00e0 pele. O sistema imunit\u00e1rio do corpo <strong>trata-a como uma subst\u00e2ncia estranha<\/strong> e transporta algumas part\u00edculas de tinta para os g\u00e2nglios linf\u00e1ticos. Estas part\u00edculas podem permanecer l\u00e1 por um longo per\u00edodo. Embora ainda n\u00e3o saibamos se isto causa danos, pode potencialmente levar \u00e0 inflama\u00e7\u00e3o cr\u00f3nica, que tem sido associada ao desenvolvimento de cancro.<\/p>\n<p>Outra explica\u00e7\u00e3o pode ser erro de medi\u00e7\u00e3o: as pessoas tendem a <strong>sobrestimar o tamanho da tatuagem<\/strong>. Estudos futuros com medidas mais precisas poder\u00e3o ajudar a esclarecer esta quest\u00e3o.<\/p>\n<p>Estilo de vida e fatores de confus\u00e3o<\/p>\n<p>O que torna este estudo \u00fanico \u00e9 a variedade de fatores de estilo de vida que foram considerados. Foram inclu\u00eddos <strong>dados sobre a exposi\u00e7\u00e3o solar<\/strong> (tanto ocupacional como recreativa), utiliza\u00e7\u00e3o de sol\u00e1rios, tabagismo, n\u00edvel de escolaridade, estado civil e rendimento familiar. Temos tamb\u00e9m em conta o tipo de pele, a pigmenta\u00e7\u00e3o, a idade e o sexo.<\/p>\n<p>Estes detalhes s\u00e3o importantes porque podem influenciar tanto quem faz tatuagens como quem desenvolve cancro. Por exemplo, as pessoas que passam muito tempo ao sol podem ter maior probabilidade de fazer tatuagens e desenvolver melanoma. Ter em conta estas diferen\u00e7as <strong>reduz o vi\u00e9s<\/strong> e aumenta a confian\u00e7a nos resultados.<\/p>\n<p>Em investiga\u00e7\u00e3o, este problema \u00e9 conhecido como confus\u00e3o. Se os fatores de confus\u00e3o n\u00e3o forem devidamente controlados, podem distorcer os resultados e conduzir a conclus\u00f5es enganadoras.<\/p>\n<p>Pesquisas recentes nos EUA sugeriram que as tatuagens grandes podem at\u00e9 reduzir o risco de melanoma, mas este estudo<strong> n\u00e3o controlou fatores importantes<\/strong> como o tipo de pele ou a exposi\u00e7\u00e3o aos raios UV. Os resultados podem, portanto, refletir o comportamento em vez da biologia. Por exemplo, as pessoas com tatuagens grandes podem evitar banhos de sol ou sol\u00e1rios para proteger a sua arte corporal, o que naturalmente reduziria os danos causados \u200b\u200bpelos raios UV.<\/p>\n<p>Ent\u00e3o, as tatuagens causam cancro de pele? A resposta simples \u00e9 que <strong>ainda n\u00e3o sabemos<\/strong>. Os resultados sugerem uma poss\u00edvel liga\u00e7\u00e3o entre as tatuagens e o melanoma, mas um \u00fanico estudo nunca \u00e9 suficiente para comprovar a causalidade.<\/p>\n<p>S\u00e3o necess\u00e1rias mais pesquisas para explorar poss\u00edveis mecanismos biol\u00f3gicos, como a inflama\u00e7\u00e3o cr\u00f3nica, e para examinar como os diferentes tipos de tinta ou cores podem interagir com a exposi\u00e7\u00e3o aos raios UV. A composi\u00e7\u00e3o dos pigmentos de tatuagem varia muito e muitos cont\u00eam compostos que podem decompor-se em subprodutos nocivos quando expostos \u00e0 luz solar ou a tratamentos de remo\u00e7\u00e3o a laser.<\/p>\n<p>Se tem tatuagens, <strong>n\u00e3o precisa de entrar em p\u00e2nico<\/strong>, mas a consciencializa\u00e7\u00e3o \u00e9 importante. Continue a proteger a sua pele da radia\u00e7\u00e3o UV como faria normalmente: use protetor solar, evite o bronzeamento excessivo e verifique a sua pele regularmente em busca de sinais novos ou altera\u00e7\u00f5es nas existentes.<\/p>\n<p>Os resultados destacam a necessidade de monitoriza\u00e7\u00e3o a longo prazo e de uma melhor recolha de dados sobre tatuagens nos registos de sa\u00fade. Com as tatuagens a tornarem-se comuns em todo o mundo, esta \u00e9 uma importante quest\u00e3o de sa\u00fade p\u00fablica. A investiga\u00e7\u00e3o cont\u00ednua sobre a biologia das tatuagens e os seus efeitos a longo prazo ajudar\u00e1 a garantir que as pessoas possam fazer escolhas informadas sobre o seu corpo, a sua arte e a sua sa\u00fade.<\/p>\n<p>    <a href=\"https:\/\/zap.aeiou.pt\/subscrever-newsletter\" data-wpel-link=\"internal\" rel=\"nofollow noopener\" target=\"_blank\">&#13;<br \/>\n        <img loading=\"lazy\" decoding=\"async\" class=\"aligncenter size-full wp-image-575475\" src=\"https:\/\/www.europesays.com\/pt\/wp-content\/uploads\/2025\/11\/2d51fe4a0ba54894421ead1809309ed9-1-450x140.jpg\" alt=\"Subscreva a Newsletter ZAP\" width=\"450\" height=\"140\"\/>&#13;<br \/>\n    <\/a><\/p>\n<p>                <a href=\"https:\/\/whatsapp.com\/channel\/0029VaIC4EE2f3EJZPPSbR34\" data-wpel-link=\"external\" target=\"_blank\" rel=\"nofollow external noopener noreferrer\" class=\"ext-link\">&#13;<br \/>\n                    <img loading=\"lazy\" decoding=\"async\" class=\"aligncenter size-full wp-image-575475\" src=\"https:\/\/www.europesays.com\/pt\/wp-content\/uploads\/2025\/11\/c68c559d956d4ca20f435ed74a6e71e6.png\" alt=\"Siga-nos no WhatsApp\" width=\"175\" height=\"64\"\/>&#13;<br \/>\n                <\/a><\/p>\n<p>                <a href=\"https:\/\/news.google.com\/publications\/CAAiEHRwZondIV71PDjWNoqMduEqFAgKIhB0cGaJ3SFe9Tw41jaKjHbh?hl=en-US&amp;gl=US&amp;ceid=US%3Aen\" data-wpel-link=\"external\" target=\"_blank\" rel=\"nofollow external noopener noreferrer\" class=\"ext-link\">&#13;<br \/>\n                    <img loading=\"lazy\" decoding=\"async\" class=\"aligncenter size-full wp-image-575475\" src=\"https:\/\/www.europesays.com\/pt\/wp-content\/uploads\/2025\/11\/5123dd8b087b644fdb8f8603acd1bad4.png\" alt=\"Siga-nos no Google News\" width=\"176\" height=\"64\"\/>&#13;<br \/>\n                <\/a><\/p>\n","protected":false},"excerpt":{"rendered":"(CC0\/PD) ilovetattoos \/ Flickr A pesquisa teve em conta fatores como o tipo de pele ou os h\u00e1bitos&hellip;\n","protected":false},"author":2,"featured_media":89833,"comment_status":"","ping_status":"","sticky":false,"template":"","format":"standard","meta":{"footnotes":""},"categories":[86],"tags":[1207,116,32,33,117],"class_list":{"0":"post-172057","1":"post","2":"type-post","3":"status-publish","4":"format-standard","5":"has-post-thumbnail","7":"category-saude","8":"tag-cancro","9":"tag-health","10":"tag-portugal","11":"tag-pt","12":"tag-saude"},"share_on_mastodon":{"url":"https:\/\/pubeurope.com\/@pt\/115645561361331046","error":""},"_links":{"self":[{"href":"https:\/\/www.europesays.com\/pt\/wp-json\/wp\/v2\/posts\/172057","targetHints":{"allow":["GET"]}}],"collection":[{"href":"https:\/\/www.europesays.com\/pt\/wp-json\/wp\/v2\/posts"}],"about":[{"href":"https:\/\/www.europesays.com\/pt\/wp-json\/wp\/v2\/types\/post"}],"author":[{"embeddable":true,"href":"https:\/\/www.europesays.com\/pt\/wp-json\/wp\/v2\/users\/2"}],"replies":[{"embeddable":true,"href":"https:\/\/www.europesays.com\/pt\/wp-json\/wp\/v2\/comments?post=172057"}],"version-history":[{"count":0,"href":"https:\/\/www.europesays.com\/pt\/wp-json\/wp\/v2\/posts\/172057\/revisions"}],"wp:featuredmedia":[{"embeddable":true,"href":"https:\/\/www.europesays.com\/pt\/wp-json\/wp\/v2\/media\/89833"}],"wp:attachment":[{"href":"https:\/\/www.europesays.com\/pt\/wp-json\/wp\/v2\/media?parent=172057"}],"wp:term":[{"taxonomy":"category","embeddable":true,"href":"https:\/\/www.europesays.com\/pt\/wp-json\/wp\/v2\/categories?post=172057"},{"taxonomy":"post_tag","embeddable":true,"href":"https:\/\/www.europesays.com\/pt\/wp-json\/wp\/v2\/tags?post=172057"}],"curies":[{"name":"wp","href":"https:\/\/api.w.org\/{rel}","templated":true}]}}