{"id":172058,"date":"2025-12-01T17:46:08","date_gmt":"2025-12-01T17:46:08","guid":{"rendered":"https:\/\/www.europesays.com\/pt\/172058\/"},"modified":"2025-12-01T17:46:08","modified_gmt":"2025-12-01T17:46:08","slug":"criador-do-taskmaster-surpreende-nuno-markl-com-carinho-alem-fronteiras","status":"publish","type":"post","link":"https:\/\/www.europesays.com\/pt\/172058\/","title":{"rendered":"Criador do &#8220;Taskmaster&#8221; surpreende Nuno Markl com carinho al\u00e9m-fronteiras"},"content":{"rendered":"<p data-remotead-prev-elm=\"true\" data-remotead-elm-id=\"inread\">Nuno Markl continua a recuperar no Hospital Egas Moniz, em Lisboa, ap\u00f3s ter sofrido um AVC. A par da fisioterapia e dos cuidados m\u00e9dicos, tem recebido mensagens de carinho e solidariedade de muitos que o estimam. Entre estas, houve uma que o tocou particularmente.<\/p>\n<p>Alex Horne, humorista brit\u00e2nico e criador original do programa &#8220;Taskmaster&#8221;, enviou-lhe uma mensagem privada pelo WhatsApp. Markl partilhou publicamente o impacto desse carinho: &#8220;Permitam que a mantenha s\u00f3 para mim, mas foi t\u00e3o bom sentir a gentileza e o afeto deste her\u00f3i pessoal nesta hora.&#8221;<\/p>\n<p>Nuno Markl deixou claro o quanto admira Horne, descrevendo-o como &#8220;um artes\u00e3o da alegria, uma inspiradora alma de criatividade pura e do bem&#8221;. A liga\u00e7\u00e3o entre ambos nasceu com a adapta\u00e7\u00e3o portuguesa do &#8220;Taskmaster&#8221;, que o comunicador portugu\u00eas apresenta ao lado de Vasco Palmeirim na RTP1, e que Horne idealizou no Reino Unido.<\/p>\n<p data-remotead-prev-elm=\"true\" data-remotead-elm-id=\"centro1\">No fim de semana passado, a sexta temporada do programa terminou, com C\u00e2ndido Costa a vencer. Markl acompanhou o epis\u00f3dio desde o hospital e lembrou que a temporada j\u00e1 estava gravada antes do AVC.<\/p>\n<p>No regresso recente \u00e0 r\u00e1dio, via telefone, falou com clareza sobre a sua recupera\u00e7\u00e3o: est\u00e1 a reaprender a andar e sente o lado esquerdo do corpo &#8220;a acordar aos poucos&#8221;. Apesar de a reabilita\u00e7\u00e3o exigir paci\u00eancia, mant\u00e9m o humor e a determina\u00e7\u00e3o. A mensagem de Horne, garante, n\u00e3o foi apenas um gesto simb\u00f3lico: foi um abra\u00e7o de conforto que o fez sentir menos s\u00f3.<\/p>\n<p>Enquanto prossegue a recupera\u00e7\u00e3o, Nuno Markl continua a alimentar o desejo de regressar aos est\u00fadios. At\u00e9 l\u00e1, cada palavra de apoio, cada gesto amigo, \u00e9 um impulso para seguir em frente e ficar bem para voltar ao trabalho.<\/p>\n","protected":false},"excerpt":{"rendered":"Nuno Markl continua a recuperar no Hospital Egas Moniz, em Lisboa, ap\u00f3s ter sofrido um AVC. A par&hellip;\n","protected":false},"author":2,"featured_media":172059,"comment_status":"","ping_status":"","sticky":false,"template":"","format":"standard","meta":{"footnotes":""},"categories":[85],"tags":[35990,1131,1493,114,115,11435,32,33,5261,35774],"class_list":{"0":"post-172058","1":"post","2":"type-post","3":"status-publish","4":"format-standard","5":"has-post-thumbnail","7":"category-entretenimento","8":"tag-alex-horne","9":"tag-apoio","10":"tag-avc","11":"tag-entertainment","12":"tag-entretenimento","13":"tag-nuno-markl","14":"tag-portugal","15":"tag-pt","16":"tag-recuperacao","17":"tag-taskmaster"},"share_on_mastodon":{"url":"https:\/\/pubeurope.com\/@pt\/115645565405485772","error":""},"_links":{"self":[{"href":"https:\/\/www.europesays.com\/pt\/wp-json\/wp\/v2\/posts\/172058","targetHints":{"allow":["GET"]}}],"collection":[{"href":"https:\/\/www.europesays.com\/pt\/wp-json\/wp\/v2\/posts"}],"about":[{"href":"https:\/\/www.europesays.com\/pt\/wp-json\/wp\/v2\/types\/post"}],"author":[{"embeddable":true,"href":"https:\/\/www.europesays.com\/pt\/wp-json\/wp\/v2\/users\/2"}],"replies":[{"embeddable":true,"href":"https:\/\/www.europesays.com\/pt\/wp-json\/wp\/v2\/comments?post=172058"}],"version-history":[{"count":0,"href":"https:\/\/www.europesays.com\/pt\/wp-json\/wp\/v2\/posts\/172058\/revisions"}],"wp:featuredmedia":[{"embeddable":true,"href":"https:\/\/www.europesays.com\/pt\/wp-json\/wp\/v2\/media\/172059"}],"wp:attachment":[{"href":"https:\/\/www.europesays.com\/pt\/wp-json\/wp\/v2\/media?parent=172058"}],"wp:term":[{"taxonomy":"category","embeddable":true,"href":"https:\/\/www.europesays.com\/pt\/wp-json\/wp\/v2\/categories?post=172058"},{"taxonomy":"post_tag","embeddable":true,"href":"https:\/\/www.europesays.com\/pt\/wp-json\/wp\/v2\/tags?post=172058"}],"curies":[{"name":"wp","href":"https:\/\/api.w.org\/{rel}","templated":true}]}}