{"id":172062,"date":"2025-12-01T17:49:08","date_gmt":"2025-12-01T17:49:08","guid":{"rendered":"https:\/\/www.europesays.com\/pt\/172062\/"},"modified":"2025-12-01T17:49:08","modified_gmt":"2025-12-01T17:49:08","slug":"guerra-na-ucrania-macron-defende-que-qualquer-plano-de-paz-deve-ser-finalizado-com-kiev-e-europeus","status":"publish","type":"post","link":"https:\/\/www.europesays.com\/pt\/172062\/","title":{"rendered":"Guerra na Ucr\u00e2nia. Macron defende que qualquer plano de paz deve ser &#8220;finalizado&#8221; com Kiev e europeus"},"content":{"rendered":"<p>                As declara\u00e7\u00f5es de Emmanuel Macron surgem ap\u00f3s um encontro com o presidente ucraniano, Volodymyr Zelensky, em Paris.\u00a0<br \/>\n<b><br \/>&#13;<br \/>\n&#8220;N\u00e3o existe, em rigor, um plano finalizado hoje sobre as quest\u00f5es territoriais. S\u00f3 poder\u00e1 ser acabado pelo presidente Zelensky&#8221;<\/b>, defendeu Emmanuel Macron.\u00a0<\/p>\n<p>&#8220;Sobre as quest\u00f5es dos ativos congelados, das garantias de seguran\u00e7a, da ades\u00e3o \u00e0 Uni\u00e3o Europeia e das san\u00e7\u00f5es europeias, [este plano] <b>s\u00f3 poder\u00e1 ser finalizado com os europeus sentados \u00e0 mesa.<\/b> Portanto, ainda estamos numa fase preliminar&#8221;, referiu.<\/p>\n<p>Acrescentou ainda que<b> &#8220;a Ucr\u00e2nia \u00e9 o \u00fanico pa\u00eds que pode tomar decis\u00f5es sobre o seu territ\u00f3rio&#8221;.<\/b><\/p>\n<p>Depois de se ter reunido em Paris com o seu hom\u00f3logo ucraniano, Volodymyr Zelensky, <b>o chefe de Estado franc\u00eas acusou a R\u00fassia de &#8220;n\u00e3o dar qualquer sinal de querer a paz&#8221;, que, segundo ele, &#8220;\u00e9 procurada por americanos, ucranianos e europeus&#8221;. <\/b><br \/>&#13;\n<\/p>\n<p>&#13;<br \/>\nEsta segunda-feira, em Paris, Macron e Zelensky realizaram uma videoconfer\u00eancia com o enviado especial dos Estados Unidos para a Ucr\u00e2nia, Steve Witkoff.<b>\u00a0Os negociadores norte-americanos, incluindo Steve Witkoff, viajam para Moscovo nas pr\u00f3ximas horas.<\/b>&#13;\n<\/p>\n<p>&#13;<br \/>\nOs l\u00edderes franc\u00eas e ucraniano conversaram tamb\u00e9m com o negociador-chefe ucraniano, Rustem Umerov, oito l\u00edderes europeus, os presidentes do Conselho Europeu e da Comiss\u00e3o Europeia e o secret\u00e1rio-geral da NATO.&#13;\n<\/p>\n<p>&#13;<br \/>\n(com ag\u00eancias)&#13;<\/p>\n","protected":false},"excerpt":{"rendered":"As declara\u00e7\u00f5es de Emmanuel Macron surgem ap\u00f3s um encontro com o presidente ucraniano, Volodymyr Zelensky, em Paris.\u00a0 &#13;&hellip;\n","protected":false},"author":2,"featured_media":172063,"comment_status":"","ping_status":"","sticky":false,"template":"","format":"standard","meta":{"footnotes":""},"categories":[50],"tags":[27,28,447,15,16,830,14,25,26,21,22,62,12,13,19,20,23,24,17,18,840,29,30,31,2416,63,64,65],"class_list":{"0":"post-172062","1":"post","2":"type-post","3":"status-publish","4":"format-standard","5":"has-post-thumbnail","7":"category-mundo","8":"tag-breaking-news","9":"tag-breakingnews","10":"tag-emmanuel-macron","11":"tag-featured-news","12":"tag-featurednews","13":"tag-guerra","14":"tag-headlines","15":"tag-latest-news","16":"tag-latestnews","17":"tag-main-news","18":"tag-mainnews","19":"tag-mundo","20":"tag-news","21":"tag-noticias","22":"tag-noticias-principais","23":"tag-noticiasprincipais","24":"tag-principais-noticias","25":"tag-principaisnoticias","26":"tag-top-stories","27":"tag-topstories","28":"tag-ucrania","29":"tag-ultimas","30":"tag-ultimas-noticias","31":"tag-ultimasnoticias","32":"tag-volodymyr-zelensky","33":"tag-world","34":"tag-world-news","35":"tag-worldnews"},"share_on_mastodon":{"url":"https:\/\/pubeurope.com\/@pt\/115645576739909483","error":""},"_links":{"self":[{"href":"https:\/\/www.europesays.com\/pt\/wp-json\/wp\/v2\/posts\/172062","targetHints":{"allow":["GET"]}}],"collection":[{"href":"https:\/\/www.europesays.com\/pt\/wp-json\/wp\/v2\/posts"}],"about":[{"href":"https:\/\/www.europesays.com\/pt\/wp-json\/wp\/v2\/types\/post"}],"author":[{"embeddable":true,"href":"https:\/\/www.europesays.com\/pt\/wp-json\/wp\/v2\/users\/2"}],"replies":[{"embeddable":true,"href":"https:\/\/www.europesays.com\/pt\/wp-json\/wp\/v2\/comments?post=172062"}],"version-history":[{"count":0,"href":"https:\/\/www.europesays.com\/pt\/wp-json\/wp\/v2\/posts\/172062\/revisions"}],"wp:featuredmedia":[{"embeddable":true,"href":"https:\/\/www.europesays.com\/pt\/wp-json\/wp\/v2\/media\/172063"}],"wp:attachment":[{"href":"https:\/\/www.europesays.com\/pt\/wp-json\/wp\/v2\/media?parent=172062"}],"wp:term":[{"taxonomy":"category","embeddable":true,"href":"https:\/\/www.europesays.com\/pt\/wp-json\/wp\/v2\/categories?post=172062"},{"taxonomy":"post_tag","embeddable":true,"href":"https:\/\/www.europesays.com\/pt\/wp-json\/wp\/v2\/tags?post=172062"}],"curies":[{"name":"wp","href":"https:\/\/api.w.org\/{rel}","templated":true}]}}