{"id":172066,"date":"2025-12-01T17:52:08","date_gmt":"2025-12-01T17:52:08","guid":{"rendered":"https:\/\/www.europesays.com\/pt\/172066\/"},"modified":"2025-12-01T17:52:08","modified_gmt":"2025-12-01T17:52:08","slug":"scarlett-johansson-reitera-apoio-ao-cineasta-woody-allen-01-12-2025-ilustrada","status":"publish","type":"post","link":"https:\/\/www.europesays.com\/pt\/172066\/","title":{"rendered":"Scarlett Johansson reitera apoio ao cineasta Woody Allen &#8211; 01\/12\/2025 &#8211; Ilustrada"},"content":{"rendered":"<p><a href=\"https:\/\/www1.folha.uol.com.br\/folha-topicos\/scarlett-johansson\/\" rel=\"nofollow noopener\" target=\"_blank\">Scarlett Johansson<\/a> reiterou, em entrevista ao jornal brit\u00e2nico The Telegraph, seu apoio a <a href=\"https:\/\/www1.folha.uol.com.br\/folha-topicos\/woody-allen\/\" rel=\"nofollow noopener\" target=\"_blank\">Woody Allen<\/a> em rela\u00e7\u00e3o \u00e0s acusa\u00e7\u00f5es de abuso sexual feitas pela enteada do cineasta, Dylan Farrow, nos anos 1990. A declara\u00e7\u00e3o acontece pouco ap\u00f3s o anivers\u00e1rio de 90 anos do cineasta.<\/p>\n<p>&#8220;Voc\u00ea nunca sabe qual ser\u00e1 o efeito domin\u00f3, exatamente&#8221;, disse ela ao ser questionada se o apoio dado h\u00e1 seis anos, em meio ao movimento MeToo, teria prejudicado sua carreira. &#8220;Mas minha m\u00e3e sempre me encorajou a ser eu mesma e me ensinou a import\u00e2ncia de ter integridade e de defender aquilo em que acredita.&#8221;<\/p>\n<p>Em 2019, quando in\u00fameras acusa\u00e7\u00f5es contra grandes nomes de <a href=\"https:\/\/www1.folha.uol.com.br\/folha-topicos\/hollywood\/\" rel=\"nofollow noopener\" target=\"_blank\">Hollywood<\/a> vinham \u00e0 tona, o caso de Allen voltou a ganhar repercuss\u00e3o. Johansson \u00e9, at\u00e9 hoje, <a href=\"https:\/\/www1.folha.uol.com.br\/ilustrada\/2025\/11\/quem-esta-ao-lado-de-woody-allen-no-seu-aniversario-de-90-anos.shtml\" rel=\"nofollow noopener\" target=\"\">uma das poucas atrizes da ind\u00fastria a defender publicamente o diretor<\/a>, com quem trabalhou em &#8220;Ponto Final: Match Point&#8221;, &#8220;Scoop: O Grande Furo&#8221; e &#8220;Vicky Cristina Barcelona&#8221;.<\/p>\n<p>\u00c0 \u00e9poca, ela disse \u00e0 revista americana The Hollywood Reporter que amava o diretor, que acreditava nele e que trabalharia com ele a qualquer momento.<\/p>\n<p>Na entrevista de agora, Johansson disse ainda que, por outro lado, &#8220;\u00e9 importante saber quando n\u00e3o \u00e9 o seu momento [de falar]&#8221;. &#8220;Eu n\u00e3o quero dizer que as pessoas devem se silenciar, mas \u00e0s vezes n\u00e3o \u00e9 a sua hora. Isso \u00e9 algo que eu entendi enquanto amadurecia&#8221;, afirmou.<\/p>\n","protected":false},"excerpt":{"rendered":"Scarlett Johansson reiterou, em entrevista ao jornal brit\u00e2nico The Telegraph, seu apoio a Woody Allen em rela\u00e7\u00e3o \u00e0s&hellip;\n","protected":false},"author":2,"featured_media":172067,"comment_status":"","ping_status":"","sticky":false,"template":"","format":"standard","meta":{"footnotes":""},"categories":[145],"tags":[35160,6064,11307,211,210,470,114,115,471,236,2595,32,33,6343,13813],"class_list":{"0":"post-172066","1":"post","2":"type-post","3":"status-publish","4":"format-standard","5":"has-post-thumbnail","7":"category-celebridades","8":"tag-metoo","9":"tag-assedio","10":"tag-assedio-sexual","11":"tag-celebridades","12":"tag-celebrities","13":"tag-cinema","14":"tag-entertainment","15":"tag-entretenimento","16":"tag-filme","17":"tag-folha","18":"tag-hollywood","19":"tag-portugal","20":"tag-pt","21":"tag-scarlett-johansson","22":"tag-woody-allen"},"share_on_mastodon":{"url":"https:\/\/pubeurope.com\/@pt\/115645588663680426","error":""},"_links":{"self":[{"href":"https:\/\/www.europesays.com\/pt\/wp-json\/wp\/v2\/posts\/172066","targetHints":{"allow":["GET"]}}],"collection":[{"href":"https:\/\/www.europesays.com\/pt\/wp-json\/wp\/v2\/posts"}],"about":[{"href":"https:\/\/www.europesays.com\/pt\/wp-json\/wp\/v2\/types\/post"}],"author":[{"embeddable":true,"href":"https:\/\/www.europesays.com\/pt\/wp-json\/wp\/v2\/users\/2"}],"replies":[{"embeddable":true,"href":"https:\/\/www.europesays.com\/pt\/wp-json\/wp\/v2\/comments?post=172066"}],"version-history":[{"count":0,"href":"https:\/\/www.europesays.com\/pt\/wp-json\/wp\/v2\/posts\/172066\/revisions"}],"wp:featuredmedia":[{"embeddable":true,"href":"https:\/\/www.europesays.com\/pt\/wp-json\/wp\/v2\/media\/172067"}],"wp:attachment":[{"href":"https:\/\/www.europesays.com\/pt\/wp-json\/wp\/v2\/media?parent=172066"}],"wp:term":[{"taxonomy":"category","embeddable":true,"href":"https:\/\/www.europesays.com\/pt\/wp-json\/wp\/v2\/categories?post=172066"},{"taxonomy":"post_tag","embeddable":true,"href":"https:\/\/www.europesays.com\/pt\/wp-json\/wp\/v2\/tags?post=172066"}],"curies":[{"name":"wp","href":"https:\/\/api.w.org\/{rel}","templated":true}]}}