{"id":172078,"date":"2025-12-01T18:04:13","date_gmt":"2025-12-01T18:04:13","guid":{"rendered":"https:\/\/www.europesays.com\/pt\/172078\/"},"modified":"2025-12-01T18:04:13","modified_gmt":"2025-12-01T18:04:13","slug":"embaixadora-angolana-em-portugal-reage-com-consternacao-a-morte-de-seis-jovens-angolanos-em-acidente","status":"publish","type":"post","link":"https:\/\/www.europesays.com\/pt\/172078\/","title":{"rendered":"Embaixadora angolana em Portugal reage com &#8220;consterna\u00e7\u00e3o&#8221; \u00e0 morte de seis jovens angolanos em acidente"},"content":{"rendered":"<p class=\"category\"><a href=\"https:\/\/sicnoticias.pt\/pais\" rel=\"nofollow noopener\" target=\"_blank\">Pa\u00eds<\/a><\/p>\n<p class=\"g-article-lead lead\" data-field=\"lead\">Os seis ocupantes da viatura, que se despistiu na madrugada de domingo na Avenida das For\u00e7as Armadas, em Lisboa, n\u00e3o sobreviveram. De acordo com o embaixador, as seis v\u00edtimas s\u00e3o seis jovens angolanos \u201ccom um futuro risonho \u00e0 sua frente\u201d.<\/p>\n<p><img decoding=\"async\" src=\"https:\/\/www.europesays.com\/pt\/wp-content\/uploads\/2025\/11\/1764494470_792_original.webp\" alt=\"Embaixadora angolana em Portugal reage com &quot;consterna\u00e7\u00e3o&quot; \u00e0 morte de seis jovens angolanos em acidente\"\/><\/p>\n<p>SIC<\/p>\n<p><strong>A Embaixada da Rep\u00fablica de Angola em Portugal reagiu com &#8220;consterna\u00e7\u00e3o&#8221; ao falecimento dos seis jovens angolanos, v\u00edtimas de um acidente de via\u00e7\u00e3o na madrugada de domingo em Lisboa, endere\u00e7ando as condol\u00eancias \u00e0s fam\u00edlias.<\/strong><\/p>\n<blockquote>\n<p>&#8220;Foi com consterna\u00e7\u00e3o que tom\u00e1mos conhecimento do falecimento este domingo em Lisboa de seis jovens angolanos, v\u00edtimas de um tr\u00e1gico acidente de via\u00e7\u00e3o&#8221;, pode ler-se numa curta nota enviada \u00e0 Lusa.<\/p>\n<\/blockquote>\n<p>De acordo com a missiva, a embaixadora de Angola em Portugal, Maria de Jesus Ferreira, lembrou que se tratavam de &#8220;jovens com um futuro risonho \u00e0 sua frente&#8221; e dos quais o pa\u00eds &#8220;muito esperava&#8221;.<\/p>\n<blockquote>\n<p>&#8220;Que as fam\u00edlias enlutadas encontrem a for\u00e7a necess\u00e1ria para ultrapassar este momento de uma enorme dor, recebendo toda a nossa solidariedade&#8221;, refere-se na nota.<\/p>\n<\/blockquote>\n<p>&#8220;Neste momento de dor, em meu nome pessoal e no de todos os funcion\u00e1rios da Embaixada da Rep\u00fablica de Angola na Rep\u00fablica Portuguesa, endere\u00e7amos \u00e0s fam\u00edlias enlutadas as nossas mais profundas condol\u00eancias por estas irrepar\u00e1veis perdas&#8221;, termina, na missiva.<\/p>\n<p><strong>Seis pessoas morreram na madrugada de domingo ap\u00f3s o despiste de um ve\u00edculo ligeiro na Avenida das For\u00e7as Armadas, em Lisboa<\/strong>, que se incendiou ap\u00f3s o embate, ficando as v\u00edtimas carbonizadas.<\/p>\n<p>O<a href=\"https:\/\/sicnoticias.pt\/pais\/2025-11-30-video-varias-pessoas-morreram-carbonizadas-em-lisboa-beda7633\" target=\"_blank\" rel=\"noopener noreferrer nofollow\"><strong> alerta para o acidente mortal <\/strong><\/a>foi dado cerca das 03:40 da madrugada de domingo.<\/p>\n<p>Segundo adiantou no domingo \u00e0 Lusa fonte da PSP uma viatura ligeira \u201cdespistou-se, embateu num pilar e incendiou-se, no interior estavam seis pessoas que ficaram carbonizadas\u201d.<\/p>\n","protected":false},"excerpt":{"rendered":"Pa\u00eds Os seis ocupantes da viatura, que se despistiu na madrugada de domingo na Avenida das For\u00e7as Armadas,&hellip;\n","protected":false},"author":2,"featured_media":170333,"comment_status":"","ping_status":"","sticky":false,"template":"","format":"standard","meta":{"footnotes":""},"categories":[10],"tags":[27,28,15,16,14,25,26,21,22,12,13,19,20,32,23,24,33,17,18,29,30,31],"class_list":{"0":"post-172078","1":"post","2":"type-post","3":"status-publish","4":"format-standard","5":"has-post-thumbnail","7":"category-portugal","8":"tag-breaking-news","9":"tag-breakingnews","10":"tag-featured-news","11":"tag-featurednews","12":"tag-headlines","13":"tag-latest-news","14":"tag-latestnews","15":"tag-main-news","16":"tag-mainnews","17":"tag-news","18":"tag-noticias","19":"tag-noticias-principais","20":"tag-noticiasprincipais","21":"tag-portugal","22":"tag-principais-noticias","23":"tag-principaisnoticias","24":"tag-pt","25":"tag-top-stories","26":"tag-topstories","27":"tag-ultimas","28":"tag-ultimas-noticias","29":"tag-ultimasnoticias"},"share_on_mastodon":{"url":"https:\/\/pubeurope.com\/@pt\/115645636312910988","error":""},"_links":{"self":[{"href":"https:\/\/www.europesays.com\/pt\/wp-json\/wp\/v2\/posts\/172078","targetHints":{"allow":["GET"]}}],"collection":[{"href":"https:\/\/www.europesays.com\/pt\/wp-json\/wp\/v2\/posts"}],"about":[{"href":"https:\/\/www.europesays.com\/pt\/wp-json\/wp\/v2\/types\/post"}],"author":[{"embeddable":true,"href":"https:\/\/www.europesays.com\/pt\/wp-json\/wp\/v2\/users\/2"}],"replies":[{"embeddable":true,"href":"https:\/\/www.europesays.com\/pt\/wp-json\/wp\/v2\/comments?post=172078"}],"version-history":[{"count":0,"href":"https:\/\/www.europesays.com\/pt\/wp-json\/wp\/v2\/posts\/172078\/revisions"}],"wp:featuredmedia":[{"embeddable":true,"href":"https:\/\/www.europesays.com\/pt\/wp-json\/wp\/v2\/media\/170333"}],"wp:attachment":[{"href":"https:\/\/www.europesays.com\/pt\/wp-json\/wp\/v2\/media?parent=172078"}],"wp:term":[{"taxonomy":"category","embeddable":true,"href":"https:\/\/www.europesays.com\/pt\/wp-json\/wp\/v2\/categories?post=172078"},{"taxonomy":"post_tag","embeddable":true,"href":"https:\/\/www.europesays.com\/pt\/wp-json\/wp\/v2\/tags?post=172078"}],"curies":[{"name":"wp","href":"https:\/\/api.w.org\/{rel}","templated":true}]}}