{"id":172079,"date":"2025-12-01T18:05:16","date_gmt":"2025-12-01T18:05:16","guid":{"rendered":"https:\/\/www.europesays.com\/pt\/172079\/"},"modified":"2025-12-01T18:05:16","modified_gmt":"2025-12-01T18:05:16","slug":"estas-sao-as-datas-de-pagamentos-no-mes-de-dezembro","status":"publish","type":"post","link":"https:\/\/www.europesays.com\/pt\/172079\/","title":{"rendered":"estas s\u00e3o as datas de pagamentos no m\u00eas de dezembro"},"content":{"rendered":"<p>A Seguran\u00e7a Social j\u00e1 divulgou o calend\u00e1rio de pagamentos para o m\u00eas de dezembro. Como \u00e9 habitual, as datas variam consoante o tipo de presta\u00e7\u00e3o.<\/p>\n<p><a target=\"_blank\" href=\"https:\/\/pplware.sapo.pt\/wp-content\/uploads\/2025\/12\/ss_dez.jpg\" onclick=\"refreshIframe()\" class=\"foobox\" rel=\"nofollow noopener\"><img fetchpriority=\"high\" decoding=\"async\" src=\"https:\/\/www.europesays.com\/pt\/wp-content\/uploads\/2025\/12\/ss_dez-720x398.jpg\" alt=\"Seguran\u00e7a Social: estas as datas de pagamento no m\u00eas de dezembro\" width=\"720\" height=\"398\" class=\"aligncenter wp-image-1091152 size-medium\"  \/><\/a><\/p>\n<p>\nA Seguran\u00e7a Social divulgou o calend\u00e1rio de pagamentos das presta\u00e7\u00f5es sociais e pens\u00f5es para o m\u00eas de dezembro. Como \u00e9 habitual, os montantes ser\u00e3o processados em diferentes datas, consoante o tipo de apoio.<\/p>\n<p>Consulte abaixo quando ser\u00e3o efetuados os pagamentos de pens\u00f5es, subs\u00eddios e restantes presta\u00e7\u00f5es sociais.<\/p>\n<p>Seguran\u00e7a Social: Principais presta\u00e7\u00f5es sociais em dezembro<\/p>\n<p>O calend\u00e1rio de dezembro confirma o compromisso da Seguran\u00e7a Social em garantir a previsibilidade e regularidade dos pagamentos.<\/p>\n<p>Manter-se atento \u00e0s datas \u00e9 essencial para uma melhor gest\u00e3o do or\u00e7amento familiar e para assegurar que todos os benefici\u00e1rios recebem atempadamente as suas presta\u00e7\u00f5es e pens\u00f5es.<\/p>\n","protected":false},"excerpt":{"rendered":"A Seguran\u00e7a Social j\u00e1 divulgou o calend\u00e1rio de pagamentos para o m\u00eas de dezembro. Como \u00e9 habitual, as&hellip;\n","protected":false},"author":2,"featured_media":172080,"comment_status":"","ping_status":"","sticky":false,"template":"","format":"standard","meta":{"footnotes":""},"categories":[8],"tags":[27,28,35952,15,16,14,25,26,21,22,12,13,19,20,32,23,24,33,915,17,18,29,30,31],"class_list":{"0":"post-172079","1":"post","2":"type-post","3":"status-publish","4":"format-standard","5":"has-post-thumbnail","7":"category-principais-noticias","8":"tag-breaking-news","9":"tag-breakingnews","10":"tag-dezembro","11":"tag-featured-news","12":"tag-featurednews","13":"tag-headlines","14":"tag-latest-news","15":"tag-latestnews","16":"tag-main-news","17":"tag-mainnews","18":"tag-news","19":"tag-noticias","20":"tag-noticias-principais","21":"tag-noticiasprincipais","22":"tag-portugal","23":"tag-principais-noticias","24":"tag-principaisnoticias","25":"tag-pt","26":"tag-seguranca-social","27":"tag-top-stories","28":"tag-topstories","29":"tag-ultimas","30":"tag-ultimas-noticias","31":"tag-ultimasnoticias"},"share_on_mastodon":{"url":"https:\/\/pubeurope.com\/@pt\/115645640112762916","error":""},"_links":{"self":[{"href":"https:\/\/www.europesays.com\/pt\/wp-json\/wp\/v2\/posts\/172079","targetHints":{"allow":["GET"]}}],"collection":[{"href":"https:\/\/www.europesays.com\/pt\/wp-json\/wp\/v2\/posts"}],"about":[{"href":"https:\/\/www.europesays.com\/pt\/wp-json\/wp\/v2\/types\/post"}],"author":[{"embeddable":true,"href":"https:\/\/www.europesays.com\/pt\/wp-json\/wp\/v2\/users\/2"}],"replies":[{"embeddable":true,"href":"https:\/\/www.europesays.com\/pt\/wp-json\/wp\/v2\/comments?post=172079"}],"version-history":[{"count":0,"href":"https:\/\/www.europesays.com\/pt\/wp-json\/wp\/v2\/posts\/172079\/revisions"}],"wp:featuredmedia":[{"embeddable":true,"href":"https:\/\/www.europesays.com\/pt\/wp-json\/wp\/v2\/media\/172080"}],"wp:attachment":[{"href":"https:\/\/www.europesays.com\/pt\/wp-json\/wp\/v2\/media?parent=172079"}],"wp:term":[{"taxonomy":"category","embeddable":true,"href":"https:\/\/www.europesays.com\/pt\/wp-json\/wp\/v2\/categories?post=172079"},{"taxonomy":"post_tag","embeddable":true,"href":"https:\/\/www.europesays.com\/pt\/wp-json\/wp\/v2\/tags?post=172079"}],"curies":[{"name":"wp","href":"https:\/\/api.w.org\/{rel}","templated":true}]}}