{"id":172081,"date":"2025-12-01T18:06:18","date_gmt":"2025-12-01T18:06:18","guid":{"rendered":"https:\/\/www.europesays.com\/pt\/172081\/"},"modified":"2025-12-01T18:06:18","modified_gmt":"2025-12-01T18:06:18","slug":"longe-da-tv-ana-paula-arosio-ignorou-enterro-do-pai-e-nao-fala-com-a-mae-ha-anos","status":"publish","type":"post","link":"https:\/\/www.europesays.com\/pt\/172081\/","title":{"rendered":"Longe da TV, Ana Paula Ar\u00f3sio ignorou enterro do pai e n\u00e3o fala com a m\u00e3e h\u00e1 anos"},"content":{"rendered":"<p>Quem est\u00e1 com saudade de ver Ana Paula Ar\u00f3sio atuando pode conferir a reprise de Terra Nostra diariamente nas tardes da <a href=\"https:\/\/natelinha.uol.com.br\/televisao\/emissoras\/globo\" rel=\"nofollow noopener\" target=\"_blank\">Globo<\/a>. A \u00faltima novela da atriz foi Ciranda de Pedra (2008); depois disso, ela ainda esteve na s\u00e9rie Na Forma da Lei (2010), que teve poucos epis\u00f3dios, e estrelaria Insensato Cora\u00e7\u00e3o (2011), desistindo do trabalho pouco antes do in\u00edcio das grava\u00e7\u00f5es.<\/p>\n<p>continua depois da publicidade<\/p>\n<p>O que nem todo mundo sabe \u00e9 que a atriz, que foi revelada em \u00c9ramos Seis (1994), do SBT, e ingressou na Globo em 1998, protagonizando Hilda Furac\u00e3o, cortou rela\u00e7\u00f5es com sua fam\u00edlia h\u00e1 muitos anos.<\/p>\n<p>Sem contato<\/p>\n<p><img decoding=\"async\" loading=\"lazy\" class=\"horizontal\" src=\"https:\/\/www.europesays.com\/pt\/wp-content\/uploads\/2025\/12\/terra-nostra-ana-paula-arosio---copia_9921.jpeg\" alt=\"Longe da TV, Ana Paula Ar\u00f3sio ignorou enterro do pai e n\u00e3o fala com a m\u00e3e h\u00e1 anos\"\/><\/p>\n<p>Em mais de uma oportunidade, a m\u00e3e de Ana Paula, Claudete Ar\u00f3sio, deu entrevistas revelando que nunca entendeu o motivo do afastamento da filha. Uma das vezes em que ela abordou o assunto foi em 2014, ao Balan\u00e7o Geral, da Record.<\/p>\n<p>&#8220;\u00c9 um assunto bem desagrad\u00e1vel. Estou muito bem para ficar me machucando de novo. Ent\u00e3o \u00e9 melhor ficar quietinha no meu canto. J\u00e1 me perguntei muito o porqu\u00ea desse afastamento, mas desisti de entender. Ela vai nos procurar o dia em que achar necess\u00e1rio&#8221;, declarou.<\/p>\n<p>continua depois da publicidade<\/p>\n<p>&#8220;Ana n\u00e3o quer saber nem do pai. Fazer o qu\u00ea&#8221;, completou, citando o marido, Carlos, que sofria de Mal de Parkinson e estava internado no interior paulista. Ele morreu no ano seguinte, em 2015, e Ana Paula, que j\u00e1 morava na Inglaterra, n\u00e3o compareceu ao enterro.<\/p>\n<p>De novo<\/p>\n<p><img decoding=\"async\" loading=\"lazy\" class=\"horizontal\" src=\"https:\/\/www.europesays.com\/pt\/wp-content\/uploads\/2025\/12\/copia-de-copia-de-copia-de-copia-de-copia-de-copia-de-white-and-grey-minimalist-daily-vlog-youtube-t.jpeg\" alt=\"Longe da TV, Ana Paula Ar\u00f3sio ignorou enterro do pai e n\u00e3o fala com a m\u00e3e h\u00e1 anos\"\/><\/p>\n<p>Claudete voltou ao assunto em 2020, novamente falando com o Balan\u00e7o Geral. &#8220;Olha, a Ana Paula mora em Londres, n\u00e9? \u00c9 um assunto bem desagrad\u00e1vel e eu preferia n\u00e3o comentar nada a respeito&#8221;, declarou, dizendo que sentia muita falta da filha.<\/p>\n<p>continua depois da publicidade<\/p>\n<p>&#8220;Olha, muita! Muita, muita, muita!&#8221;, repetiu. &#8220;Se eu falasse que n\u00e3o batesse [a saudade] eu estaria mentindo, mas muita, muita!&#8221;, lamentou.<\/p>\n<p>Reinaldo Gottino, \u00e2ncora do noticioso, insistiu no assunto, mas Claudete se manteve firme em sua decis\u00e3o de n\u00e3o falar mais sobre isso.<\/p>\n<p>&#8220;Olha, Reinaldo, eu n\u00e3o quero falar sobre esse assunto. Por enquanto ainda \u00e9 uma coisa que t\u00e1 bem\u2026 fechadinha. Eu t\u00f4 muito bem para ficar me machucando de novo, sabe?&#8221;, concluiu.<\/p>\n<p>Claudete vive sozinha num condom\u00ednio para idosos no interior de S\u00e3o Paulo, onde interage com outras pessoas e desenvolve in\u00fameras atividades, como ioga e medita\u00e7\u00e3o. Ao contr\u00e1rio de Ana Paula, ela disse que mantinha contato di\u00e1rio com seu outro filho, Marcos Ar\u00f3sio.<\/p>\n<p>continua depois da publicidade<\/p>\n<p>&#8220;Todo dia ele [Marcos] passa tr\u00eas mensagens para saber como que eu estou. E eu passo mais tr\u00eas para saber como que ele est\u00e1 indo. Coisas de filho, n\u00e9?&#8221;, contou.<\/p>\n<p>Ana Paula Ar\u00f3sio, por sua vez, nunca se pronunciou sobre o assunto.<\/p>\n<p>Por onde anda Ana Paula Ar\u00f3sio?<\/p>\n<p>Longe da televis\u00e3o desde 2010, Ana Paula Ar\u00f3sio, que atualmente tem 50 anos, mora na Inglaterra ao lado do marido, Henrique Plombon Pinheiro, de 47 anos.<\/p>\n<p>Nos \u00faltimos tempos, ela causou burburinho ao reaparecer em comerciais para a televis\u00e3o, como de um banco, em 2020, e mais recentemente, para uma marca de suplementos, ambos com cach\u00eas milion\u00e1rios.<\/p>\n<p>continua depois da publicidade<\/p>\n<p>A musa tamb\u00e9m deu uma entrevista para o Fant\u00e1stico em maio, quando falou sobre suas participa\u00e7\u00f5es em novelas da Globo, reacendendo rumores de que poderia voltar \u00e0 telinha. No entanto, por enquanto, ficou somente nisso.<\/p>\n","protected":false},"excerpt":{"rendered":"Quem est\u00e1 com saudade de ver Ana Paula Ar\u00f3sio atuando pode conferir a reprise de Terra Nostra diariamente&hellip;\n","protected":false},"author":2,"featured_media":172082,"comment_status":"","ping_status":"","sticky":false,"template":"","format":"standard","meta":{"footnotes":""},"categories":[145],"tags":[7310,211,210,114,115,753,32,33,7312],"class_list":{"0":"post-172081","1":"post","2":"type-post","3":"status-publish","4":"format-standard","5":"has-post-thumbnail","7":"category-celebridades","8":"tag-ana-paula-arosio","9":"tag-celebridades","10":"tag-celebrities","11":"tag-entertainment","12":"tag-entretenimento","13":"tag-globo","14":"tag-portugal","15":"tag-pt","16":"tag-terra-nostra"},"share_on_mastodon":{"url":"https:\/\/pubeurope.com\/@pt\/115645643943041365","error":""},"_links":{"self":[{"href":"https:\/\/www.europesays.com\/pt\/wp-json\/wp\/v2\/posts\/172081","targetHints":{"allow":["GET"]}}],"collection":[{"href":"https:\/\/www.europesays.com\/pt\/wp-json\/wp\/v2\/posts"}],"about":[{"href":"https:\/\/www.europesays.com\/pt\/wp-json\/wp\/v2\/types\/post"}],"author":[{"embeddable":true,"href":"https:\/\/www.europesays.com\/pt\/wp-json\/wp\/v2\/users\/2"}],"replies":[{"embeddable":true,"href":"https:\/\/www.europesays.com\/pt\/wp-json\/wp\/v2\/comments?post=172081"}],"version-history":[{"count":0,"href":"https:\/\/www.europesays.com\/pt\/wp-json\/wp\/v2\/posts\/172081\/revisions"}],"wp:featuredmedia":[{"embeddable":true,"href":"https:\/\/www.europesays.com\/pt\/wp-json\/wp\/v2\/media\/172082"}],"wp:attachment":[{"href":"https:\/\/www.europesays.com\/pt\/wp-json\/wp\/v2\/media?parent=172081"}],"wp:term":[{"taxonomy":"category","embeddable":true,"href":"https:\/\/www.europesays.com\/pt\/wp-json\/wp\/v2\/categories?post=172081"},{"taxonomy":"post_tag","embeddable":true,"href":"https:\/\/www.europesays.com\/pt\/wp-json\/wp\/v2\/tags?post=172081"}],"curies":[{"name":"wp","href":"https:\/\/api.w.org\/{rel}","templated":true}]}}