{"id":172083,"date":"2025-12-01T18:09:16","date_gmt":"2025-12-01T18:09:16","guid":{"rendered":"https:\/\/www.europesays.com\/pt\/172083\/"},"modified":"2025-12-01T18:09:16","modified_gmt":"2025-12-01T18:09:16","slug":"quando-e-de-verdade-e-para-sempre","status":"publish","type":"post","link":"https:\/\/www.europesays.com\/pt\/172083\/","title":{"rendered":"\u201cQuando \u00e9 de verdade, \u00e9 para sempre\u201d"},"content":{"rendered":"<p>Fora do <a href=\"https:\/\/tvi.iol.pt\/secretstory\" rel=\"nofollow noopener\" target=\"_blank\">Secret Story<\/a>, Bruno Sim\u00e3o quebra o sil\u00eancio ap\u00f3s entrevista de Dylan: \u201cQuando \u00e9 de verdade, \u00e9 para sempre\u201d, disse.<\/p>\n<p>Rea\u00e7\u00e3o imediata ap\u00f3s a entrevista no \u201cDois \u00e0s 10\u201d<\/p>\n<p>Bruno Sim\u00e3o n\u00e3o deixou passar ao lado a entrevista de Dylan Fonte no <strong>\u201cDois \u00e0s 10\u201d<\/strong>, emitida esta segunda-feira, 1 de dezembro.<br \/>O ex-concorrente, que desistiu do reality-show h\u00e1 uma semana, acompanhou atentamente o momento em que Cristina Ferreira e Cl\u00e1udio Ramos questionaram Dylan sobre o impacto das suas alian\u00e7as dentro da casa.<\/p>\n<p>Durante a conversa, os apresentadores quiseram saber se, caso Dylan tivesse optado por se aproximar de outros colegas \u2014 como F\u00e1bio \u2014 em vez de Bruno, poderia ainda permanecer na \u201cCasa dos Segredos\u201d.<\/p>\n<p>Dylan prefere a amizade ao jogo<\/p>\n<p>Sem hesita\u00e7\u00f5es, Dylan deixou claro que n\u00e3o tem d\u00favidas sobre a escolha que fez:<br \/><strong>\u201cPrefiro estar c\u00e1 fora e manter a amizade com o Bruno.\u201d<\/strong><\/p>\n<p>A resposta emocionou muitos f\u00e3s e n\u00e3o passou despercebida ao pr\u00f3prio Bruno Sim\u00e3o.<\/p>\n<p>Bruno reage: \u201cUma amizade para a vida\u201d<\/p>\n<p>Pouco depois da entrevista ser emitida, Bruno partilhou uma mensagem clara e afetuosa atrav\u00e9s dos Instastories.<br \/>Num registo simples mas carregado de significado, escreveu:<br \/><strong>\u201cUma amizade para a vida. Quando \u00e9 de verdade \u00e9 para sempre.\u201d<\/strong><\/p>\n<p><a href=\"https:\/\/news.google.com\/publications\/CAAqBwgKMKfIoAswtNK4Aw\" target=\"_blank\" rel=\"noopener noreferrer nofollow\"><img loading=\"lazy\" data-lazyloaded=\"1\" width=\"481\" height=\"161\" decoding=\"async\" src=\"\/wp-content\/uploads\/2024\/02\/GN_siganos.png\" alt=\"Siga-nos no Google News\" style=\"margin-top:20px;\"\/><\/a><\/p>\n","protected":false},"excerpt":{"rendered":"Fora do Secret Story, Bruno Sim\u00e3o quebra o sil\u00eancio ap\u00f3s entrevista de Dylan: \u201cQuando \u00e9 de verdade, \u00e9&hellip;\n","protected":false},"author":2,"featured_media":167684,"comment_status":"","ping_status":"","sticky":false,"template":"","format":"standard","meta":{"footnotes":""},"categories":[142],"tags":[19139,2632,801,21040,114,115,32,33,151],"class_list":{"0":"post-172083","1":"post","2":"type-post","3":"status-publish","4":"format-standard","5":"has-post-thumbnail","7":"category-tv","8":"tag-bruno-simao","9":"tag-casa-dos-segredos","10":"tag-dois-as-10","11":"tag-dylan-fonte","12":"tag-entertainment","13":"tag-entretenimento","14":"tag-portugal","15":"tag-pt","16":"tag-tv"},"share_on_mastodon":{"url":"https:\/\/pubeurope.com\/@pt\/115645655774966546","error":""},"_links":{"self":[{"href":"https:\/\/www.europesays.com\/pt\/wp-json\/wp\/v2\/posts\/172083","targetHints":{"allow":["GET"]}}],"collection":[{"href":"https:\/\/www.europesays.com\/pt\/wp-json\/wp\/v2\/posts"}],"about":[{"href":"https:\/\/www.europesays.com\/pt\/wp-json\/wp\/v2\/types\/post"}],"author":[{"embeddable":true,"href":"https:\/\/www.europesays.com\/pt\/wp-json\/wp\/v2\/users\/2"}],"replies":[{"embeddable":true,"href":"https:\/\/www.europesays.com\/pt\/wp-json\/wp\/v2\/comments?post=172083"}],"version-history":[{"count":0,"href":"https:\/\/www.europesays.com\/pt\/wp-json\/wp\/v2\/posts\/172083\/revisions"}],"wp:featuredmedia":[{"embeddable":true,"href":"https:\/\/www.europesays.com\/pt\/wp-json\/wp\/v2\/media\/167684"}],"wp:attachment":[{"href":"https:\/\/www.europesays.com\/pt\/wp-json\/wp\/v2\/media?parent=172083"}],"wp:term":[{"taxonomy":"category","embeddable":true,"href":"https:\/\/www.europesays.com\/pt\/wp-json\/wp\/v2\/categories?post=172083"},{"taxonomy":"post_tag","embeddable":true,"href":"https:\/\/www.europesays.com\/pt\/wp-json\/wp\/v2\/tags?post=172083"}],"curies":[{"name":"wp","href":"https:\/\/api.w.org\/{rel}","templated":true}]}}