{"id":172084,"date":"2025-12-01T18:12:18","date_gmt":"2025-12-01T18:12:18","guid":{"rendered":"https:\/\/www.europesays.com\/pt\/172084\/"},"modified":"2025-12-01T18:12:18","modified_gmt":"2025-12-01T18:12:18","slug":"fc-porto-menor-controlo-nos-jogos-nao-impede-recorde-a-12-a-jornada","status":"publish","type":"post","link":"https:\/\/www.europesays.com\/pt\/172084\/","title":{"rendered":"FC Porto: menor controlo nos jogos n\u00e3o impede recorde \u00e0 12.\u00aa jornada"},"content":{"rendered":"<p>O triunfo suado sobre o <a class=\"autolink-enabled\" data-resource-id=\"461\" data-resource-type=\"team\" data-sport=\"football\" href=\"https:\/\/www.abola.pt\/futebol\/estoril-461\" rel=\"nofollow noopener\" target=\"_blank\">Estoril<\/a> acentuou a tend\u00eancia recente do <a class=\"autolink-enabled\" data-resource-id=\"451\" data-resource-type=\"team\" data-sport=\"football\" href=\"https:\/\/www.abola.pt\/futebol\/fc-porto-451\" rel=\"nofollow noopener\" target=\"_blank\">FC Porto<\/a> no campeonato. A equipa de Francesco Farioli continua a vencer, mas os \u00faltimos quatro triunfos aconteceram pela margem m\u00ednima: <a class=\"autolink-enabled\" data-resource-id=\"462\" data-resource-type=\"team\" data-sport=\"football\" href=\"https:\/\/www.abola.pt\/futebol\/moreirense-462\" rel=\"nofollow noopener\" target=\"_blank\">Moreirense<\/a> (2-1), <a class=\"autolink-enabled\" data-resource-id=\"457\" data-resource-type=\"team\" data-sport=\"football\" href=\"https:\/\/www.abola.pt\/futebol\/sc-braga-457\" rel=\"nofollow noopener\" target=\"_blank\">SC Braga<\/a> (2-1), <a class=\"autolink-enabled\" data-resource-id=\"2614\" data-resource-type=\"team\" data-sport=\"football\" href=\"https:\/\/www.abola.pt\/futebol\/famalicao-2614\" rel=\"nofollow noopener\" target=\"_blank\">Famalic\u00e3o<\/a> (1-0) e, claro, <a class=\"autolink-enabled\" data-resource-id=\"461\" data-resource-type=\"team\" data-sport=\"football\" href=\"https:\/\/www.abola.pt\/futebol\/estoril-461\" rel=\"nofollow noopener\" target=\"_blank\">Estoril<\/a> (1-0). <\/p>\n<p>A juntar a estes dados, surgem os registos de posse de bola dos dois \u00faltimos advers\u00e1rios que visitaram o Est\u00e1dio do Drag\u00e3o: 69 por cento para os arsenalistas, na 10.\u00aa ronda, e 31% para os canarinhos, no encontro de domingo.<\/p>\n<p>N\u00e3o obstante o menor controlo exercido pelos azuis e brancos, cen\u00e1rio contrastante com a matriz portista no arranque da temporada, os drag\u00f5es nunca tinham somado tantos pontos ao cabo de 12 partidas na <a class=\"autolink-enabled\" data-resource-id=\"13\" data-resource-type=\"competition\" data-sport=\"football\" href=\"https:\/\/www.abola.pt\/futebol\/competicao\/liga-portugal-betclic-13\" rel=\"nofollow noopener\" target=\"_blank\">Liga<\/a>: 34, fruto de 11 vit\u00f3rias e um empate (com o <a class=\"autolink-enabled\" data-resource-id=\"450\" data-resource-type=\"team\" data-sport=\"football\" href=\"https:\/\/www.abola.pt\/futebol\/benfica-450\" rel=\"nofollow noopener\" target=\"_blank\">Benfica<\/a>). Trata-se mesmo de um pec\u00falio in\u00e9dito para o <a class=\"autolink-enabled\" data-resource-id=\"451\" data-resource-type=\"team\" data-sport=\"football\" href=\"https:\/\/www.abola.pt\/futebol\/fc-porto-451\" rel=\"nofollow noopener\" target=\"_blank\">FC Porto<\/a> desde que a vit\u00f3ria passou a valer tr\u00eas pontos, em 1995\/96.<\/p>\n<p>E se o ataque \u00e0s ordens de Farioli atravessa fase menos voraz, a defesa n\u00e3o d\u00e1 sinais de tremedeira. Melhor do que os tr\u00eas golos sofridos \u00e0 12.\u00aa ronda s\u00f3 h\u00e1 30 anos, com dois tentos encaixados. E, contando todas as provas, v\u00e3o quatro jogos sem ir buscar a bola ao fundo das redes&#8230;<\/p>\n<p><a target=\"_blank\" class=\"editor-link\" href=\"https:\/\/profile.google.com\/cp\/CgkvbS8wNWNjOHQ?pf=0\" rel=\"nofollow noopener\">Siga o perfil de A BOLA no Google<\/a><\/p>\n","protected":false},"excerpt":{"rendered":"O triunfo suado sobre o Estoril acentuou a tend\u00eancia recente do FC Porto no campeonato. A equipa de&hellip;\n","protected":false},"author":2,"featured_media":172085,"comment_status":"","ping_status":"","sticky":false,"template":"","format":"standard","meta":{"footnotes":""},"categories":[87],"tags":[135,32,33,134],"class_list":{"0":"post-172084","1":"post","2":"type-post","3":"status-publish","4":"format-standard","5":"has-post-thumbnail","7":"category-desporto","8":"tag-desporto","9":"tag-portugal","10":"tag-pt","11":"tag-sports"},"share_on_mastodon":{"url":"https:\/\/pubeurope.com\/@pt\/115645667282635014","error":""},"_links":{"self":[{"href":"https:\/\/www.europesays.com\/pt\/wp-json\/wp\/v2\/posts\/172084","targetHints":{"allow":["GET"]}}],"collection":[{"href":"https:\/\/www.europesays.com\/pt\/wp-json\/wp\/v2\/posts"}],"about":[{"href":"https:\/\/www.europesays.com\/pt\/wp-json\/wp\/v2\/types\/post"}],"author":[{"embeddable":true,"href":"https:\/\/www.europesays.com\/pt\/wp-json\/wp\/v2\/users\/2"}],"replies":[{"embeddable":true,"href":"https:\/\/www.europesays.com\/pt\/wp-json\/wp\/v2\/comments?post=172084"}],"version-history":[{"count":0,"href":"https:\/\/www.europesays.com\/pt\/wp-json\/wp\/v2\/posts\/172084\/revisions"}],"wp:featuredmedia":[{"embeddable":true,"href":"https:\/\/www.europesays.com\/pt\/wp-json\/wp\/v2\/media\/172085"}],"wp:attachment":[{"href":"https:\/\/www.europesays.com\/pt\/wp-json\/wp\/v2\/media?parent=172084"}],"wp:term":[{"taxonomy":"category","embeddable":true,"href":"https:\/\/www.europesays.com\/pt\/wp-json\/wp\/v2\/categories?post=172084"},{"taxonomy":"post_tag","embeddable":true,"href":"https:\/\/www.europesays.com\/pt\/wp-json\/wp\/v2\/tags?post=172084"}],"curies":[{"name":"wp","href":"https:\/\/api.w.org\/{rel}","templated":true}]}}