{"id":172088,"date":"2025-12-01T18:17:14","date_gmt":"2025-12-01T18:17:14","guid":{"rendered":"https:\/\/www.europesays.com\/pt\/172088\/"},"modified":"2025-12-01T18:17:14","modified_gmt":"2025-12-01T18:17:14","slug":"varios-estudos-indicam-que-a-ascensao-de-um-movimento-populista-geraria-instabilidade-e-incerteza","status":"publish","type":"post","link":"https:\/\/www.europesays.com\/pt\/172088\/","title":{"rendered":"\u201cV\u00e1rios estudos indicam que a ascens\u00e3o de um movimento populista geraria instabilidade e incerteza\u201d"},"content":{"rendered":"<p>Imagine que um dia acorda e percebe que aquilo em que nunca acreditou aconteceu mesmo: as for\u00e7as populistas de direita radical ganharam as elei\u00e7\u00f5es e chegaram ao poder. Foi isso que aconteceu em pa\u00edses como os EUA de Trump, a Hungria de Orb\u00e1n, a Pol\u00f3nia de Kaczynski ou a It\u00e1lia de Meloni. Partindo destes exemplos e olhando para a realidade pol\u00edtica portuguesa, o jornalista e diretor-adjunto do Expresso, David Dinis, escreveu um livro, \u201cComo Proteger a Democracia\u201d, em que antecipa a governa\u00e7\u00e3o da direita radical no nosso pa\u00eds, o impacto que ter\u00e1 no dia a dia e a forma como uma democracia consolidada pode ser rapidamente corro\u00edda por dentro.<\/p>\n<p>\u00c0 Forbes, David Dinis partilha algumas das suas ideias a partir de uma obra que \u00e9 um convite \u00e0 reflex\u00e3o sobre o presente e um apelo \u00e0 a\u00e7\u00e3o, n\u00e3o s\u00f3 de pol\u00edticos, mas tamb\u00e9m de cada um dos cidad\u00e3os para que se escude a democracia e o nosso futuro.<\/p>\n<p><strong>No seu livro, parte da hip\u00f3tese de o Chega chegar ao poder. A eros\u00e3o institucional em Portugal est\u00e1 a caminhar para um ponto de \u201cn\u00e3o retorno\u201d que vai permitir que isso aconte\u00e7a? Ou j\u00e1 se ultrapassou esse ponto de \u201cn\u00e3o retorno\u201d?<\/strong><br \/>Receio que sim, que caminhe nessa dire\u00e7\u00e3o. H\u00e1 v\u00e1rios fatores a contribuir para isso. O r\u00e1pido desenvolvimento tecnol\u00f3gico criou uma expectativa nos cidad\u00e3os de que os seus problemas podem ser resolvidos de forma r\u00e1pida e simples (\u00e9 assim que acontece quando compramos alguma coisa no nosso telefone), que o Estado n\u00e3o est\u00e1 preparado para cumprir. \u00c9 neste contexto \u2014 e de uma comunica\u00e7\u00e3o centrada nas redes sociais, secundarizando a import\u00e2ncia dos meios tradicionais de comunica\u00e7\u00e3o \u2014 que podemos ler a forma r\u00e1pida com que o discurso do Chega colou em boa parte da sociedade.<\/p>\n<p>Claro que, em cima disto, tivemos tr\u00eas crises em 15 anos. E temos tido v\u00e1rios problemas em setores muito sens\u00edveis, como a Sa\u00fade e a Habita\u00e7\u00e3o, que acentuam uma perce\u00e7\u00e3o de falhan\u00e7o do Estado. Ao que acresce que os partidos do sistema t\u00eam aberto muito espa\u00e7o a este estado de esp\u00edrito: erros de governa\u00e7\u00e3o, ciclos pol\u00edticos curtos, problemas \u00e9ticos, falta de coragem para criar incentivos \u00e0 requalifica\u00e7\u00e3o da pol\u00edtica, entre outros.<\/p>\n<p>Ainda n\u00e3o se ultrapassou esse ponto de n\u00e3o retorno, creio: no essencial, permanece uma maioria muito forte que se mant\u00e9m consistente no apoio e consci\u00eancia dos valores essenciais. Mas pode n\u00e3o durar \u2014 e meras circunst\u00e2ncias imprevistas podem levar a esse ponto.<\/p>\n<blockquote>\n<p>\u201cPermanece uma maioria muito forte que se mant\u00e9m consistente no apoio e consci\u00eancia dos valores essenciais. Mas pode n\u00e3o durar\u201d<\/p>\n<\/blockquote>\n<p><strong>A frustra\u00e7\u00e3o econ\u00f3mica tem alimentado a atra\u00e7\u00e3o por solu\u00e7\u00f5es populistas. Que responsabilidades atribui \u00e0s pol\u00edticas p\u00fablicas e ao pr\u00f3prio tecido empresarial nesse descontentamento?<\/strong><br \/>N\u00e3o \u00e9 um problema exclusivo do nosso pa\u00eds. Mas vivemos em tempos em que os incentivos parecem empurrar mais os dirigentes para estrat\u00e9gias de curto prazo do que de m\u00e9dio e longo prazo \u2014 o que sempre ajuda a que entremos em ciclos negativos. As democracias liberais sempre tiveram na base do seu sucesso a ideia de governos de quatro anos, e isso tem uma raz\u00e3o de ser: muitas vezes \u00e9 preciso que os governos tenham tempo para implementar as suas pol\u00edticas, medir os seus efeitos, corrigir eventuais problemas e, por fim, colher os sucessos (ou n\u00e3o) dessas op\u00e7\u00f5es. N\u00e3o \u00e9 onde estamos hoje, nomeadamente por raz\u00f5es que expliquei antes. E sim, creio que isto vale para dirigentes pol\u00edticos e empresariais.<\/p>\n<blockquote>\n<p>\u201cVivemos em tempos em que os incentivos parecem empurrar mais os dirigentes para estrat\u00e9gias de curto prazo do que de m\u00e9dio e longo prazo\u201d<\/p>\n<\/blockquote>\n<p>\t\t<img decoding=\"async\" src=\"https:\/\/www.europesays.com\/pt\/wp-content\/uploads\/2025\/12\/1764613034_142_thumbs.web.sapo.io\"  loading=\"true\"\/><\/p>\n<p><strong>Em pa\u00edses como Hungria, Pol\u00f3nia ou EUA, a chegada de l\u00edderes populistas coincidiu com instabilidade econ\u00f3mica e quebra de confian\u00e7a dos investidores. Que impacto real teria uma deriva autorit\u00e1ria na economia portuguesa \u2014 no investimento, no turismo ou no sistema financeiro? \u00c9 poss\u00edvel conceber esse efeito?<\/strong><br \/>\u00c9 poss\u00edvel prever um impacto econ\u00f3mico negativo, sim. H\u00e1 v\u00e1rios estudos acad\u00e9micos a indicar que a ascens\u00e3o de um movimento populista geraria instabilidade e incerteza, levando o pa\u00eds a \u201candar em c\u00edrculos\u201d, com ruturas e revers\u00f5es constantes nas pol\u00edticas p\u00fablicas. A n\u00edvel internacional, indicam que os pa\u00edses sob lideran\u00e7as populistas apresentam um desempenho do PIB inferior em cerca de um ponto percentual por ano a longo prazo, com diverg\u00eancias substanciais.<\/p>\n<p>O impacto nos neg\u00f3cios e no investimento n\u00e3o \u00e9 certo, mas tem linhas previs\u00edveis: a polariza\u00e7\u00e3o pol\u00edtica e social aumenta a incerteza, com impacto negativo nas economias nacionais e nos neg\u00f3cios \u2014 desde logo pela desconfian\u00e7a que pode gerar nos mercados financeiros, que pode atingir os ratings da d\u00edvida, quer das maiores empresas, financeiras ou n\u00e3o. A fragiliza\u00e7\u00e3o das institui\u00e7\u00f5es, como a subvers\u00e3o da independ\u00eancia do Banco de Portugal ou do Conselho das Finan\u00e7as P\u00fablicas, tende a afastar os investidores e a aumentar a incerteza jur\u00eddica.<\/p>\n<p>Adicionalmente, as promessas de um programa populista implicam uma fatura or\u00e7amental gigantesca, o que pode resultar em alertas por viola\u00e7\u00e3o das regras europeias.<\/p>\n<p>Dito isto, h\u00e1 quem argumente que h\u00e1 casos em sentido contr\u00e1rio, como o da Pol\u00f3nia, que foi governada durante oito anos por um governo populista e manteve uma consider\u00e1vel situa\u00e7\u00e3o econ\u00f3mica. Conv\u00e9m frisar que as condi\u00e7\u00f5es geogr\u00e1ficas, econ\u00f3micas e sociais da Pol\u00f3nia n\u00e3o s\u00e3o id\u00eanticas \u00e0s de Portugal.<\/p>\n<blockquote>\n<p>\u201cO impacto nos neg\u00f3cios e no investimento n\u00e3o \u00e9 certo, mas tem linhas previs\u00edveis: a polariza\u00e7\u00e3o pol\u00edtica e social aumenta a incerteza, com impacto negativo nas economias nacionais e nos neg\u00f3cios\u201d<\/p>\n<\/blockquote>\n<p>\t\t<img decoding=\"async\" src=\"https:\/\/www.europesays.com\/pt\/wp-content\/uploads\/2025\/12\/1764613034_665_thumbs.web.sapo.io\"  loading=\"true\"\/><\/p>\n<p><strong>A democracia tamb\u00e9m depende da sa\u00fade da economia. Que papel pode e deve ter o setor privado na defesa do pluralismo e da estabilidade democr\u00e1tica?<\/strong><br \/>Pergunta interessante: pelo que expliquei agora mesmo, parece-me evidente que o setor privado \u00e9 o principal interessado em manter a democracia plena. A hist\u00f3ria econ\u00f3mica prova isso mesmo: nenhum regime autorit\u00e1rio foi melhor para a prosperidade econ\u00f3mica do que uma democracia. Receio que possa estar a acontecer com os l\u00edderes empresariais o mesmo que com uma parte \u2014 significativa \u2014 da popula\u00e7\u00e3o: alguma tend\u00eancia para a anomia. Diz-nos a hist\u00f3ria, tamb\u00e9m, que quando as elites se desinteressam pelo essencial da vida pol\u00edtica de um pa\u00eds, isso n\u00e3o traz boas not\u00edcias (nem para os pr\u00f3prios, a m\u00e9dio prazo). Foi a pensar nisso que escrevi este livro.<\/p>\n<blockquote>\n<p>\u201cQuando as elites se desinteressam pelo essencial da vida pol\u00edtica de um pa\u00eds, isso n\u00e3o traz boas not\u00edcias (nem para os pr\u00f3prios, a m\u00e9dio prazo). Foi a pensar nisso que escrevi este livro\u201d<\/p>\n<\/blockquote>\n<p><strong>Entre o cansa\u00e7o\/indiferen\u00e7a e a polariza\u00e7\u00e3o que se assiste, como \u00e9 que o cidad\u00e3o comum e os empres\u00e1rios podem contribuir para \u201cproteger a democracia\u201d de forma concreta e quotidiana?<\/strong><br \/>Desde logo consciencializando-se do momento particular em que vivemos. E, de seguida, participando. Cada cidad\u00e3o tem o seu papel: conversando em fam\u00edlia, com os amigos e companheiros de trabalho; criando clubes de leitura ou de discuss\u00e3o, associa\u00e7\u00f5es; participando politicamente, como entender e se sentir mais \u00fatil. Os empres\u00e1rios t\u00eam outra responsabilidade \u2014 e aqui penso sobretudo nos que t\u00eam mais peso na vida do pa\u00eds. A esses recomendava que se envolvessem, procurassem formas de chegar aos partidos, contribuindo com ideias, debate, estudos, know how. O Presidente Kennedy deixou uma frase hist\u00f3rica no discurso da sua posse, que se aplica bem a v\u00e1rios pa\u00edses democr\u00e1ticos hoje: pensem n\u00e3o no que o pa\u00eds pode fazer por voc\u00eas, mas no que voc\u00eas podem fazer pelo vosso pa\u00eds.<\/p>\n<blockquote>\n<p>\u201c[O cidad\u00e3o pode contribuir para proteger a democracia] consciencializando-se do momento particular em que vivemos. E, de seguida, participando\u201d<\/p>\n<\/blockquote>\n","protected":false},"excerpt":{"rendered":"Imagine que um dia acorda e percebe que aquilo em que nunca acreditou aconteceu mesmo: as for\u00e7as populistas&hellip;\n","protected":false},"author":2,"featured_media":172089,"comment_status":"","ping_status":"","sticky":false,"template":"","format":"standard","meta":{"footnotes":""},"categories":[50],"tags":[27,28,15,16,14,25,26,21,22,62,12,13,19,20,23,24,17,18,29,30,31,63,64,65],"class_list":{"0":"post-172088","1":"post","2":"type-post","3":"status-publish","4":"format-standard","5":"has-post-thumbnail","7":"category-mundo","8":"tag-breaking-news","9":"tag-breakingnews","10":"tag-featured-news","11":"tag-featurednews","12":"tag-headlines","13":"tag-latest-news","14":"tag-latestnews","15":"tag-main-news","16":"tag-mainnews","17":"tag-mundo","18":"tag-news","19":"tag-noticias","20":"tag-noticias-principais","21":"tag-noticiasprincipais","22":"tag-principais-noticias","23":"tag-principaisnoticias","24":"tag-top-stories","25":"tag-topstories","26":"tag-ultimas","27":"tag-ultimas-noticias","28":"tag-ultimasnoticias","29":"tag-world","30":"tag-world-news","31":"tag-worldnews"},"share_on_mastodon":{"url":"https:\/\/pubeurope.com\/@pt\/115645687349629540","error":""},"_links":{"self":[{"href":"https:\/\/www.europesays.com\/pt\/wp-json\/wp\/v2\/posts\/172088","targetHints":{"allow":["GET"]}}],"collection":[{"href":"https:\/\/www.europesays.com\/pt\/wp-json\/wp\/v2\/posts"}],"about":[{"href":"https:\/\/www.europesays.com\/pt\/wp-json\/wp\/v2\/types\/post"}],"author":[{"embeddable":true,"href":"https:\/\/www.europesays.com\/pt\/wp-json\/wp\/v2\/users\/2"}],"replies":[{"embeddable":true,"href":"https:\/\/www.europesays.com\/pt\/wp-json\/wp\/v2\/comments?post=172088"}],"version-history":[{"count":0,"href":"https:\/\/www.europesays.com\/pt\/wp-json\/wp\/v2\/posts\/172088\/revisions"}],"wp:featuredmedia":[{"embeddable":true,"href":"https:\/\/www.europesays.com\/pt\/wp-json\/wp\/v2\/media\/172089"}],"wp:attachment":[{"href":"https:\/\/www.europesays.com\/pt\/wp-json\/wp\/v2\/media?parent=172088"}],"wp:term":[{"taxonomy":"category","embeddable":true,"href":"https:\/\/www.europesays.com\/pt\/wp-json\/wp\/v2\/categories?post=172088"},{"taxonomy":"post_tag","embeddable":true,"href":"https:\/\/www.europesays.com\/pt\/wp-json\/wp\/v2\/tags?post=172088"}],"curies":[{"name":"wp","href":"https:\/\/api.w.org\/{rel}","templated":true}]}}