{"id":172090,"date":"2025-12-01T18:18:10","date_gmt":"2025-12-01T18:18:10","guid":{"rendered":"https:\/\/www.europesays.com\/pt\/172090\/"},"modified":"2025-12-01T18:18:10","modified_gmt":"2025-12-01T18:18:10","slug":"apos-um-hiato-de-seis-meses-portugal-volta-a-receber-gas-russo-em-sines-esta-semana","status":"publish","type":"post","link":"https:\/\/www.europesays.com\/pt\/172090\/","title":{"rendered":"Ap\u00f3s um hiato de seis meses, Portugal volta a receber g\u00e1s russo em Sines esta semana"},"content":{"rendered":"<p>J\u00e1 n\u00e3o acontecia h\u00e1 seis meses, mas <strong>o g\u00e1s russo est\u00e1 de volta a Portugal<\/strong>. Na pr\u00f3xima quinta-feira, 4 de dezembro, dever\u00e1 chegar ao terminal de g\u00e1s da REN em Sines uma nova carga de g\u00e1s natural liquefeito (GNL) proveniente do porto de Sabetta, situado na pen\u00ednsula de Yamal, no norte da R\u00fassia. Ser\u00e1 o <strong>terceiro fornecimento de g\u00e1s russo a Portugal deste ano<\/strong>.<\/p>\n<p><a href=\"https:\/\/expresso.pt\/subscrever?action=GEN&amp;channel=VID&amp;type=CAP&amp;source=WEB&amp;returnUrl=https:\/\/expresso.pt\/economia\/economia_energia\/2025-12-01-apos-um-hiato-de-seis-meses-portugal-volta-a-receber-gas-russo-em-sines-esta-semana-f6baa19a&amp;utm_source=expresso&amp;utm_medium=locked_article&amp;locked=true&amp;article_id=86607b69-e6de-428e-98b8-bfa5508b63c3&amp;author_id=Miguel+Prado&amp;category=Energia\" target=\"_self\" class=\"\" rel=\"nofollow noopener\">Subscrever<\/a>J\u00e1 \u00e9 Subscritor?Fa\u00e7a login e continue a ler<a href=\"http:\/\/expresso.pt\/codigo?redirectUrl=https:\/\/expresso.pt\/economia\/economia_energia\/2025-12-01-apos-um-hiato-de-seis-meses-portugal-volta-a-receber-gas-russo-em-sines-esta-semana-f6baa19a\" target=\"_self\" class=\"\" rel=\"nofollow noopener\">Inserir C\u00f3digo<\/a>Comprou o Expresso?Insira o c\u00f3digo presente na Revista E para continuar a ler<\/p>\n","protected":false},"excerpt":{"rendered":"J\u00e1 n\u00e3o acontecia h\u00e1 seis meses, mas o g\u00e1s russo est\u00e1 de volta a Portugal. Na pr\u00f3xima quinta-feira,&hellip;\n","protected":false},"author":2,"featured_media":172091,"comment_status":"","ping_status":"","sticky":false,"template":"","format":"standard","meta":{"footnotes":""},"categories":[10],"tags":[27,28,15,16,14,25,26,21,22,12,13,19,20,32,23,24,33,17,18,29,30,31],"class_list":{"0":"post-172090","1":"post","2":"type-post","3":"status-publish","4":"format-standard","5":"has-post-thumbnail","7":"category-portugal","8":"tag-breaking-news","9":"tag-breakingnews","10":"tag-featured-news","11":"tag-featurednews","12":"tag-headlines","13":"tag-latest-news","14":"tag-latestnews","15":"tag-main-news","16":"tag-mainnews","17":"tag-news","18":"tag-noticias","19":"tag-noticias-principais","20":"tag-noticiasprincipais","21":"tag-portugal","22":"tag-principais-noticias","23":"tag-principaisnoticias","24":"tag-pt","25":"tag-top-stories","26":"tag-topstories","27":"tag-ultimas","28":"tag-ultimas-noticias","29":"tag-ultimasnoticias"},"share_on_mastodon":{"url":"https:\/\/pubeurope.com\/@pt\/115645691024946415","error":""},"_links":{"self":[{"href":"https:\/\/www.europesays.com\/pt\/wp-json\/wp\/v2\/posts\/172090","targetHints":{"allow":["GET"]}}],"collection":[{"href":"https:\/\/www.europesays.com\/pt\/wp-json\/wp\/v2\/posts"}],"about":[{"href":"https:\/\/www.europesays.com\/pt\/wp-json\/wp\/v2\/types\/post"}],"author":[{"embeddable":true,"href":"https:\/\/www.europesays.com\/pt\/wp-json\/wp\/v2\/users\/2"}],"replies":[{"embeddable":true,"href":"https:\/\/www.europesays.com\/pt\/wp-json\/wp\/v2\/comments?post=172090"}],"version-history":[{"count":0,"href":"https:\/\/www.europesays.com\/pt\/wp-json\/wp\/v2\/posts\/172090\/revisions"}],"wp:featuredmedia":[{"embeddable":true,"href":"https:\/\/www.europesays.com\/pt\/wp-json\/wp\/v2\/media\/172091"}],"wp:attachment":[{"href":"https:\/\/www.europesays.com\/pt\/wp-json\/wp\/v2\/media?parent=172090"}],"wp:term":[{"taxonomy":"category","embeddable":true,"href":"https:\/\/www.europesays.com\/pt\/wp-json\/wp\/v2\/categories?post=172090"},{"taxonomy":"post_tag","embeddable":true,"href":"https:\/\/www.europesays.com\/pt\/wp-json\/wp\/v2\/tags?post=172090"}],"curies":[{"name":"wp","href":"https:\/\/api.w.org\/{rel}","templated":true}]}}