{"id":172092,"date":"2025-12-01T18:19:30","date_gmt":"2025-12-01T18:19:30","guid":{"rendered":"https:\/\/www.europesays.com\/pt\/172092\/"},"modified":"2025-12-01T18:19:30","modified_gmt":"2025-12-01T18:19:30","slug":"farioli-confusao-no-fim-ian-cathro-estava-muito-exaltado","status":"publish","type":"post","link":"https:\/\/www.europesays.com\/pt\/172092\/","title":{"rendered":"Farioli: \u00abConfus\u00e3o no fim? Ian Cathro estava muito exaltado\u00bb"},"content":{"rendered":"<p style=\"margin-bottom:11px\"><strong>Francesco Farioli mostrou-se tranquilo face ao <a href=\"https:\/\/maisfutebol.iol.pt\/jogo\/aominuto\/fc-porto\/estoril\/13828209\" rel=\"nofollow noopener\" target=\"_blank\">sofrido triunfo do FC Porto na rece\u00e7\u00e3o ao Estoril (1-0), na 12.\u00aa jornada da Liga<\/a>. Na noite deste domingo, em confer\u00eancia de imprensa, o treinador dos drag\u00f5es aproveitou a quest\u00e3o do Maisfutebol para enaltecer o crescimento de Rodrigo Mora.<\/strong><\/p>\n<p> Mora ecl\u00e9tico <\/p>\n<p>\u00abO golo veio da press\u00e3o do Rodrigo Mora, tal como do William Gomes e do Samu. Est\u00e1 a crescer na maturidade e na leitura do jogo, teve momentos muito bons na atitude defensiva, o que h\u00e1 meses n\u00e3o aconteceria, n\u00e3o estava no seu ADN. N\u00e3o foi a primeira vez que esteve bem na defesa, a determina\u00e7\u00e3o dele \u00e9 fant\u00e1stica. Estamos a ajud\u00e1-lo a alcan\u00e7ar o seu potencial em toda a linha, para que se torne num jogador completo. Estou feliz com o seu progresso.\u00bb<\/p>\n<p>\u00abTemos bons jogadores para v\u00e1rias posi\u00e7\u00f5es. O Gabri Veiga jogou bem contra o Nice, mas o Rodrigo Mora tamb\u00e9m merece oportunidades. Portanto, cabe-me escolher consoante o jogo.\u00bb<\/p>\n<p> Desaven\u00e7a com Ian Cathro <\/p>\n<p>\u00abEu fui gentil com ele, tentei acam\u00e1-lo, ele estava muito exaltado. De qualquer das formas, foi um momento de emo\u00e7\u00f5es. Apert\u00e1mos as m\u00e3os e eu talvez tenha interpretado mal o primeiro toque dele. Mas estava calmo, n\u00e3o gosto de gerar pol\u00e9micas.\u00bb<\/p>\n","protected":false},"excerpt":{"rendered":"Francesco Farioli mostrou-se tranquilo face ao sofrido triunfo do FC Porto na rece\u00e7\u00e3o ao Estoril (1-0), na 12.\u00aa&hellip;\n","protected":false},"author":2,"featured_media":172093,"comment_status":"","ping_status":"","sticky":false,"template":"","format":"standard","meta":{"footnotes":""},"categories":[8],"tags":[27,28,2095,282,15,16,1011,14,25,26,36,21,22,46,10586,12,13,19,20,462,32,23,24,33,47,2435,17,18,29,30,31],"class_list":{"0":"post-172092","1":"post","2":"type-post","3":"status-publish","4":"format-standard","5":"has-post-thumbnail","7":"category-principais-noticias","8":"tag-breaking-news","9":"tag-breakingnews","10":"tag-farioli","11":"tag-fc-porto","12":"tag-featured-news","13":"tag-featurednews","14":"tag-francesco-farioli","15":"tag-headlines","16":"tag-latest-news","17":"tag-latestnews","18":"tag-liga","19":"tag-main-news","20":"tag-mainnews","21":"tag-maisfutebol","22":"tag-mora","23":"tag-news","24":"tag-noticias","25":"tag-noticias-principais","26":"tag-noticiasprincipais","27":"tag-porto","28":"tag-portugal","29":"tag-principais-noticias","30":"tag-principaisnoticias","31":"tag-pt","32":"tag-pura-paixao","33":"tag-rodrigo-mora","34":"tag-top-stories","35":"tag-topstories","36":"tag-ultimas","37":"tag-ultimas-noticias","38":"tag-ultimasnoticias"},"share_on_mastodon":{"url":"https:\/\/pubeurope.com\/@pt\/115645695064079912","error":""},"_links":{"self":[{"href":"https:\/\/www.europesays.com\/pt\/wp-json\/wp\/v2\/posts\/172092","targetHints":{"allow":["GET"]}}],"collection":[{"href":"https:\/\/www.europesays.com\/pt\/wp-json\/wp\/v2\/posts"}],"about":[{"href":"https:\/\/www.europesays.com\/pt\/wp-json\/wp\/v2\/types\/post"}],"author":[{"embeddable":true,"href":"https:\/\/www.europesays.com\/pt\/wp-json\/wp\/v2\/users\/2"}],"replies":[{"embeddable":true,"href":"https:\/\/www.europesays.com\/pt\/wp-json\/wp\/v2\/comments?post=172092"}],"version-history":[{"count":0,"href":"https:\/\/www.europesays.com\/pt\/wp-json\/wp\/v2\/posts\/172092\/revisions"}],"wp:featuredmedia":[{"embeddable":true,"href":"https:\/\/www.europesays.com\/pt\/wp-json\/wp\/v2\/media\/172093"}],"wp:attachment":[{"href":"https:\/\/www.europesays.com\/pt\/wp-json\/wp\/v2\/media?parent=172092"}],"wp:term":[{"taxonomy":"category","embeddable":true,"href":"https:\/\/www.europesays.com\/pt\/wp-json\/wp\/v2\/categories?post=172092"},{"taxonomy":"post_tag","embeddable":true,"href":"https:\/\/www.europesays.com\/pt\/wp-json\/wp\/v2\/tags?post=172092"}],"curies":[{"name":"wp","href":"https:\/\/api.w.org\/{rel}","templated":true}]}}