{"id":172094,"date":"2025-12-01T18:20:12","date_gmt":"2025-12-01T18:20:12","guid":{"rendered":"https:\/\/www.europesays.com\/pt\/172094\/"},"modified":"2025-12-01T18:20:12","modified_gmt":"2025-12-01T18:20:12","slug":"os-quatro-filhos-de-boni-fazem-rara-aparicao-juntos-veja-quem-e-quem","status":"publish","type":"post","link":"https:\/\/www.europesays.com\/pt\/172094\/","title":{"rendered":"Os quatro filhos de Boni fazem rara apari\u00e7\u00e3o juntos. Veja quem \u00e9 quem"},"content":{"rendered":"<p>O diretor de TV <strong>Jos\u00e9 Bonif\u00e1cio de Oliveira Sobrinho<\/strong>, o <strong>Boni<\/strong>, chegou aos 90 anos de idade com muita alegria e sa\u00fade. No \u00faltimo fim de semana, ele reuniu seus quatro filhos em Nova York, Estados Unidos, para celebrar o anivers\u00e1rio rodeado pela fam\u00edlia.<\/p>\n<p>Nas redes sociais, o filho mais velho dele, o diretor Boninho, fez um v\u00eddeo com todos os irm\u00e3os para registrar a celebra\u00e7\u00e3o pela vida do pai. Nas imagens, os f\u00e3s puderam ver os quatro filhos de Boni em uma rara apari\u00e7\u00e3o juntos: Boninho, Gigi, Diogo e Bruno.<\/p>\n<p> <img loading=\"lazy\" decoding=\"async\" class=\"wp-image-1037903 size-full img-fluid lazy\" alt=\"Os quatro filhos de Boni: Bruno, Diogo, Gigi e Boninho - Foto: Reprodu\u00e7\u00e3o \/ Instagram\" width=\"1920\" height=\"1080\" src=\"https:\/\/www.europesays.com\/pt\/wp-content\/uploads\/2025\/12\/bruno-diogo-gigi-e-boninho.jpg\"  \/>Os quatro filhos de Boni: Bruno, Diogo, Gigi e Boninho \u2013 Foto: Reprodu\u00e7\u00e3o \/ Instagram Quem s\u00e3o os quatro filhos de Boni? <\/p>\n<p>O filho mais velho de Boni \u00e9 Jos\u00e9 Bonif\u00e1cio Brasil de Oliveira, o Boninho, fruto do relacionamento com Regina Brasil. Ele seguiu os passos do pai nos bastidores da TV e se tornou um dos grandes diretores do Brasil. Por muito anos, ele ficou \u00e0 frente dos programas de reality show da Globo, como Big Brother Brasil e The Voice. Com sua personalidade marcante, ele conquistou os f\u00e3s de reality e se tornou uma personalidade.<\/p>\n<p>A \u00fanica mulher entre os irm\u00e3os \u00e9 Gigi Boni, que tamb\u00e9m \u00e9 fruto da rela\u00e7\u00e3o com Regina Brasil. Ela n\u00e3o trabalha no mundo do audiovisual, j\u00e1 que escolheu a profiss\u00e3o de educadora e segue uma vida longe dos holofotes.<\/p>\n<p>O terceiro filho do diretor \u00e9 Diogo Boni, que nasceu da uni\u00e3o com La\u00eds Sim\u00f5es. Ele se tornou empres\u00e1rio e trabalha na Globo Internacional. Hoje em dia, ele vive nos Estados Unidos com a fam\u00edlia.<\/p>\n<p>O ca\u00e7ula da fam\u00edlia \u00e9 Bruno Boni, filho de Boni com sua atual esposa, Lou de Oliveira. Ele estudou finan\u00e7as e investimentos. Ele tamb\u00e9m j\u00e1 trabalhou na \u00e1rea de meio ambiente e na Rede Vanguarda, que \u00e9 uma afiliada da Globo.<\/p>\n<p> <img loading=\"lazy\" decoding=\"async\" class=\"wp-image-1037902 size-full img-fluid lazy\" alt=\"Boni com os quatro filhos - Foto: Reprodu\u00e7\u00e3o \/ Instagram\" width=\"1080\" height=\"1278\" src=\"https:\/\/www.europesays.com\/pt\/wp-content\/uploads\/2025\/12\/boni-quatro-filhos.jpg\"  \/>Boni com os quatro filhos \u2013 Foto: Reprodu\u00e7\u00e3o \/ Instagram <\/p>\n<blockquote class=\"instagram-media\" style=\"background: #FFF; border: 0; border-radius: 3px; box-shadow: 0 0 1px 0 rgba(0,0,0,0.5),0 1px 10px 0 rgba(0,0,0,0.15); margin: 1px; max-width: 540px; min-width: 326px; padding: 0; width: calc(100% - 2px);\" data-instgrm-captioned=\"\" data-instgrm-permalink=\"https:\/\/www.instagram.com\/reel\/DRsCnG9jcYW\/?utm_source=ig_embed&amp;utm_campaign=loading\" data-instgrm-version=\"14\"><\/blockquote>\n<p><strong>Leia tamb\u00e9m<\/strong>: <a href=\"https:\/\/caras.com.br\/atualidades\/retiro-dos-artistas-saiba-o-que-foi-feito-com-o-dinheiro-doado-por-boni.phtml\" rel=\"nofollow noopener\" target=\"_blank\">Retiro dos Artistas: Saiba o que foi feito com o dinheiro doado por Boni<\/a><\/p>\n<p>        <a href=\"https:\/\/caras.com.br\/autor\/priscilla-comoti\" rel=\"nofollow noopener\" target=\"_blank\">&#13;<br \/>\n          <img alt=\"Priscilla Comoti\" src=\"https:\/\/www.europesays.com\/pt\/wp-content\/uploads\/2025\/12\/1764613212_817_e53883bdf02c542f6517b68879e8cb08b27a1d55c4dfd53577e47d3ab6331a06\"  class=\"avatar avatar-115 photo rounded-circle mr-3\" height=\"115\" width=\"115\" loading=\"lazy\" decoding=\"async\"\/>        <\/a><\/p>\n<p>Priscilla Comoti \u00e9 editora de conte\u00fado do site CARAS. Ela \u00e9 formada em jornalismo e em audiovisual, j\u00e1 passou pelos sites Contigo!, Minha Novela, TiTiTi, Mais Novela e Portal M\u00e1rcia Piovesan. Escreve sobre celebridades, not\u00edcias sobre a fam\u00edlia real brit\u00e2nica, TV, reality show e novelas.<\/p>\n<p>\t                                            <script async src=\"\/\/www.instagram.com\/embed.js\"><\/script><\/p>\n","protected":false},"excerpt":{"rendered":"O diretor de TV Jos\u00e9 Bonif\u00e1cio de Oliveira Sobrinho, o Boni, chegou aos 90 anos de idade com&hellip;\n","protected":false},"author":2,"featured_media":172095,"comment_status":"","ping_status":"","sticky":false,"template":"","format":"standard","meta":{"footnotes":""},"categories":[145],"tags":[21738,211,210,35993,114,115,35994,753,32,33],"class_list":{"0":"post-172094","1":"post","2":"type-post","3":"status-publish","4":"format-standard","5":"has-post-thumbnail","7":"category-celebridades","8":"tag-boni","9":"tag-celebridades","10":"tag-celebrities","11":"tag-diretor","12":"tag-entertainment","13":"tag-entretenimento","14":"tag-filhos-de-boni","15":"tag-globo","16":"tag-portugal","17":"tag-pt"},"share_on_mastodon":{"url":"https:\/\/pubeurope.com\/@pt\/115645699102770694","error":""},"_links":{"self":[{"href":"https:\/\/www.europesays.com\/pt\/wp-json\/wp\/v2\/posts\/172094","targetHints":{"allow":["GET"]}}],"collection":[{"href":"https:\/\/www.europesays.com\/pt\/wp-json\/wp\/v2\/posts"}],"about":[{"href":"https:\/\/www.europesays.com\/pt\/wp-json\/wp\/v2\/types\/post"}],"author":[{"embeddable":true,"href":"https:\/\/www.europesays.com\/pt\/wp-json\/wp\/v2\/users\/2"}],"replies":[{"embeddable":true,"href":"https:\/\/www.europesays.com\/pt\/wp-json\/wp\/v2\/comments?post=172094"}],"version-history":[{"count":0,"href":"https:\/\/www.europesays.com\/pt\/wp-json\/wp\/v2\/posts\/172094\/revisions"}],"wp:featuredmedia":[{"embeddable":true,"href":"https:\/\/www.europesays.com\/pt\/wp-json\/wp\/v2\/media\/172095"}],"wp:attachment":[{"href":"https:\/\/www.europesays.com\/pt\/wp-json\/wp\/v2\/media?parent=172094"}],"wp:term":[{"taxonomy":"category","embeddable":true,"href":"https:\/\/www.europesays.com\/pt\/wp-json\/wp\/v2\/categories?post=172094"},{"taxonomy":"post_tag","embeddable":true,"href":"https:\/\/www.europesays.com\/pt\/wp-json\/wp\/v2\/tags?post=172094"}],"curies":[{"name":"wp","href":"https:\/\/api.w.org\/{rel}","templated":true}]}}