{"id":172101,"date":"2025-12-01T18:26:17","date_gmt":"2025-12-01T18:26:17","guid":{"rendered":"https:\/\/www.europesays.com\/pt\/172101\/"},"modified":"2025-12-01T18:26:17","modified_gmt":"2025-12-01T18:26:17","slug":"datas-potes-e-restricoes-saiba-tudo-sobre-o-sorteio-do-mundial-2026","status":"publish","type":"post","link":"https:\/\/www.europesays.com\/pt\/172101\/","title":{"rendered":"Datas, potes e restri\u00e7\u00f5es: saiba tudo sobre o sorteio do Mundial 2026"},"content":{"rendered":"<p>A menos de 200 dias do pontap\u00e9 de sa\u00edda da primeira edi\u00e7\u00e3o de um <a target=\"_blank\" class=\"editor-link autolink-enabled\" href=\"https:\/\/www.abola.pt\/futebol\/competicao\/mundial-30\" data-resource-id=\"30\" data-resource-type=\"competition\" data-sport=\"football\" rel=\"nofollow noopener\">Mundial<\/a> com 48 sele\u00e7\u00f5es, a FIFA revelou todos os procedimentos e detalhes para o sorteio final do <a target=\"_blank\" class=\"editor-link autolink-enabled\" href=\"https:\/\/www.abola.pt\/futebol\/competicao\/mundial-30\" data-resource-id=\"30\" data-resource-type=\"competition\" data-sport=\"football\" rel=\"nofollow noopener\">Mundial<\/a> 2026 e <strong>A BOLA <\/strong>traz-lhe tudo o que precisa de saber sobre este evento.<\/p>\n<p><strong>Quando e onde \u00e9 o sorteio?<\/strong><\/p>\n<p>O sorteio realiza-se esta sexta-feira, 5 de dezembro, em Washington D.C., no Centro de Artes John F. Kennedy, \u00e0s 17h (hora de Lisboa).<\/p>\n<p><strong>Quantas sele\u00e7\u00f5es participam no sorteio?<\/strong><\/p>\n<p>Participam 48 sele\u00e7\u00f5es \u2014 embora seis vagas ainda n\u00e3o estejam definidas e s\u00f3 ser\u00e3o conhecidas em mar\u00e7o de 2026.<\/p>\n<p><strong>Quem ainda falta qualificar-se?<\/strong><\/p>\n<p><strong>Quatro vagas<\/strong> na repescagem europeia: Pa\u00eds de Gales, B\u00f3snia e Herzegovina, It\u00e1lia ou Irlanda do Norte, Ucr\u00e2nia, Su\u00e9cia, Pol\u00f3nia ou Alb\u00e2nia, Eslov\u00e1quia, Kosovo, Turquia ou Rom\u00e9nia e Ch\u00e9quia, Irlanda, Dinamarca ou Maced\u00f3nia do Norte.<\/p>\n<p><strong>Duas vagas<\/strong> no torneio de repescagem FIFA: Nova Caled\u00f3nia, Jamaica ou RD Congo e Bol\u00edvia, Suriname ou Iraque.<\/p>\n<p><strong>Quais s\u00e3o os potes do sorteio?<\/strong><\/p>\n<p>Os potes s\u00e3o compostos com base no Ranking FIFA de 19 de novembro de 2025.<\/p>\n<p>Pote 1: Canad\u00e1, M\u00e9xico, EUA, Espanha, Argentina, Fran\u00e7a, Inglaterra, Brasil,<strong> Portugal<\/strong>, Pa\u00edses Baixos, B\u00e9lgica e Alemanha.<\/p>\n<p>Pote 2: Cro\u00e1cia, Marrocos, Col\u00f4mbia, Uruguai, Su\u00ed\u00e7a, Jap\u00e3o, Senegal, Ir\u00e3o, Coreia do Sul, Equador, \u00c1ustria e Austr\u00e1lia.<\/p>\n<p>Pote 3: Noruega, Panam\u00e1, Egipto, Arg\u00e9lia, Esc\u00f3cia, Paraguai, Tun\u00edsia, Costa do Marfim, Uzbequist\u00e3o, Qatar, Ar\u00e1bia Saudita e \u00c1frica do Sul.<\/p>\n<p>Pote 4: Jord\u00e2nia, Cabo Verde, Gana, Cura\u00e7au, Haiti, Nova Zel\u00e2ndia, quatro vagas da repescagem europeia e duas vagas do torneio de repescagem FIFA.<\/p>\n<p><strong>Como funcionar\u00e1 o sorteio?<\/strong><\/p>\n<p>O sorteio come\u00e7a pelo pote 1, preenchendo os grupos A a L. Seguem-se os potes 2, 3 e 4, por esta ordem.<\/p>\n<p><strong>H\u00e1 posi\u00e7\u00f5es pr\u00e9-definidas?<\/strong><\/p>\n<p>Sim. Os tr\u00eas pa\u00edses-anfitri\u00f5es ter\u00e3o bolas de cores distintas e ir\u00e3o automaticamente para posi\u00e7\u00f5es espec\u00edficas:<br \/>\u2013 M\u00e9xico \u2192 Grupo A, posi\u00e7\u00e3o A1<br \/>\u2013 Canad\u00e1 \u2192 Grupo B, posi\u00e7\u00e3o B1<br \/>\u2013 EUA \u2192 Grupo D, posi\u00e7\u00e3o D1<\/p>\n<p>As restantes equipas do pote 1 ocupar\u00e3o sempre a posi\u00e7\u00e3o 1 dos seus grupos.<\/p>\n<p><strong>H\u00e1 restri\u00e7\u00f5es relacionadas com o ranking FIFA?<\/strong><\/p>\n<p>Sim. Para garantir equil\u00edbrio na rota at\u00e9 \u00e0s meias-finais, as quatro sele\u00e7\u00f5es mais bem colocadas no ranking ser\u00e3o distribu\u00eddas em caminhos distintos:<br \/>\u2013 Espanha (1.\u00aa) e Argentina (2.\u00aa) n\u00e3o podem ficar no mesmo lado do quadro.<br \/>\u2013 Fran\u00e7a (3.\u00aa) e Inglaterra (4.\u00aa) seguem o mesmo princ\u00edpio.<br \/>Isto garante que n\u00e3o se encontram antes da final, caso ganhem os respetivos grupos.<\/p>\n<p><strong>Como \u00e9 definida a posi\u00e7\u00e3o das equipas dentro dos grupos?<\/strong><br \/>Para os potes 2, 3 e 4 existe um padr\u00e3o de distribui\u00e7\u00e3o pr\u00e9-definido pela FIFA. Dependendo do pote e da ordem de sorteio, cada equipa recebe automaticamente a posi\u00e7\u00e3o do grupo correspondente.<\/p>\n<p>            <img decoding=\"async\" src=\"https:\/\/www.europesays.com\/pt\/wp-content\/uploads\/2025\/12\/143e5ac6-0cd9-40bc-9b5f-b82203b910d0.png\" alt=\"\" width=\"620\" class=\"w-full object-cover\"\/><\/p>\n<p>                    Distribui\u00e7\u00e3o pr\u00e9-definida pela FIFA.<\/p>\n<p><strong>H\u00e1 restri\u00e7\u00f5es de confedera\u00e7\u00f5es?<\/strong><\/p>\n<p>Sim.<br \/>\u2013 Nenhum grupo pode ter duas equipas da mesma confedera\u00e7\u00e3o.<br \/>\u2013 Exce\u00e7\u00e3o: UEFA, que ter\u00e1 16 equipas. Cada grupo deve ter 1 ou 2 europeias, nunca mais.<br \/>\u2013 Para as equipas das repescagens FIFA, a restri\u00e7\u00e3o aplica-se aos tr\u00eas pa\u00edses de cada caminho dessas vagas.<\/p>\n<p><strong>Como ser\u00e1 estruturado o Mundial 2026?<\/strong><\/p>\n<p>A fase final ter\u00e1 12 grupos de 4 equipas, um formato in\u00e9dito, e ser\u00e1 jogada de 11 de junho a 19 de julho.<\/p>\n<p><strong>Quando ser\u00e1 divulgada a calendariza\u00e7\u00e3o final dos jogos?<\/strong><\/p>\n<p>A FIFA confirmar\u00e1, no dia 6 de dezembro, a tabela completa: est\u00e1dios e hor\u00e1rios de todos os jogos.<\/p>\n<p><a target=\"_blank\" class=\"editor-link\" href=\"https:\/\/profile.google.com\/cp\/CgkvbS8wNWNjOHQ?pf=0\" rel=\"nofollow noopener\">Siga o perfil de A BOLA no Google<\/a><\/p>\n","protected":false},"excerpt":{"rendered":"A menos de 200 dias do pontap\u00e9 de sa\u00edda da primeira edi\u00e7\u00e3o de um Mundial com 48 sele\u00e7\u00f5es,&hellip;\n","protected":false},"author":2,"featured_media":158816,"comment_status":"","ping_status":"","sticky":false,"template":"","format":"standard","meta":{"footnotes":""},"categories":[87],"tags":[135,32,33,134],"class_list":{"0":"post-172101","1":"post","2":"type-post","3":"status-publish","4":"format-standard","5":"has-post-thumbnail","7":"category-desporto","8":"tag-desporto","9":"tag-portugal","10":"tag-pt","11":"tag-sports"},"share_on_mastodon":{"url":"https:\/\/pubeurope.com\/@pt\/115645722586720803","error":""},"_links":{"self":[{"href":"https:\/\/www.europesays.com\/pt\/wp-json\/wp\/v2\/posts\/172101","targetHints":{"allow":["GET"]}}],"collection":[{"href":"https:\/\/www.europesays.com\/pt\/wp-json\/wp\/v2\/posts"}],"about":[{"href":"https:\/\/www.europesays.com\/pt\/wp-json\/wp\/v2\/types\/post"}],"author":[{"embeddable":true,"href":"https:\/\/www.europesays.com\/pt\/wp-json\/wp\/v2\/users\/2"}],"replies":[{"embeddable":true,"href":"https:\/\/www.europesays.com\/pt\/wp-json\/wp\/v2\/comments?post=172101"}],"version-history":[{"count":0,"href":"https:\/\/www.europesays.com\/pt\/wp-json\/wp\/v2\/posts\/172101\/revisions"}],"wp:featuredmedia":[{"embeddable":true,"href":"https:\/\/www.europesays.com\/pt\/wp-json\/wp\/v2\/media\/158816"}],"wp:attachment":[{"href":"https:\/\/www.europesays.com\/pt\/wp-json\/wp\/v2\/media?parent=172101"}],"wp:term":[{"taxonomy":"category","embeddable":true,"href":"https:\/\/www.europesays.com\/pt\/wp-json\/wp\/v2\/categories?post=172101"},{"taxonomy":"post_tag","embeddable":true,"href":"https:\/\/www.europesays.com\/pt\/wp-json\/wp\/v2\/tags?post=172101"}],"curies":[{"name":"wp","href":"https:\/\/api.w.org\/{rel}","templated":true}]}}