{"id":172106,"date":"2025-12-01T18:33:07","date_gmt":"2025-12-01T18:33:07","guid":{"rendered":"https:\/\/www.europesays.com\/pt\/172106\/"},"modified":"2025-12-01T18:33:07","modified_gmt":"2025-12-01T18:33:07","slug":"portugal-joga-quartos-de-final-do-mundial-feminino-de-futsal-selecionador-fala-em-linha-que-separa-o-sucesso-do-insucesso-sapo","status":"publish","type":"post","link":"https:\/\/www.europesays.com\/pt\/172106\/","title":{"rendered":"Portugal joga quartos-de-final do Mundial Feminino de Futsal: selecionador fala em &quot;linha que separa o sucesso do insucesso&quot; &#8211; SAPO"},"content":{"rendered":"<ol>\n<li><a href=\"https:\/\/news.google.com\/rss\/articles\/CBMi_gFBVV95cUxNdUV3TWRjRks1cG8zVUpxY0RjVjVZcFE1SGd6SEJkanZ1amtlRzVKVUN0STNGU2lBMWU1dDJacVdRNDhESjNRajE0U2FlNFphblc2bEU0SzRHVXdrOTBqazE0eXZFTGxSNklRUmZqQzFjd3ljaGpYMngzejFNZkxEcHZUU0RSN2V0OXMyaXZZcEE1cW5JWVdpcURMYXVtU1Z6cFJOQk0ySzlYRVl5UE1mbDFGVV9xMk9tN3UyM2RGMTZqVE1fWl9CNTdEN3lkT1k5UnExejR2Q0JxT0U1U3RhakR1d20wNlJDdm5MSU5DUzl6bVRMRHVzcEhGWmRKdw?oc=5\" target=\"_blank\" rel=\"nofollow noopener\">Portugal joga quartos-de-final do Mundial Feminino de Futsal: selecionador fala em &#8220;linha que separa o sucesso do insucesso&#8221;<\/a>&nbsp;&nbsp;SAPO<\/li>\n<li><a href=\"https:\/\/news.google.com\/rss\/articles\/CBMiugFBVV95cUxQTzZPcWZZNzZ4Z2hnXzQ1Q0VleDdpbUpRM2RmYlRURGNuMzRqRnBnZmpfTjNWYXhNMWg2T1Q1cC0tVE9NdHNVMFJDSlRZNGs0ajFIT3puM08wX01fQjRXYzF0Z3ZZcHZ1dUhCVFp4VWhuWFVaV1ZkU1B0d0hqSzduY2tNRDBydEZjbXA5VUNnMFVpelVQZnBPZG5pYUN4cHNFWVFaVHZlRnNrb1BhbXQxc0pZdW9nbWpINGc?oc=5\" target=\"_blank\" rel=\"nofollow noopener\">Lu\u00eds Concei\u00e7\u00e3o: \u00abJogo dos quartos-de-final separa sucesso do insucesso\u00bb<\/a>&nbsp;&nbsp;A Bola<\/li>\n<li><a href=\"https:\/\/news.google.com\/rss\/articles\/CBMi0AFBVV95cUxOaHJlN25QckRYZ20tZ2Jjd2VQRkZwWHpEUld2UGNiSl9oekJGbHJMN2hKbkZTTERGTF9xWDJUUGF6TlNJeWg3dUgyNUVUcnByR2NnZWloZ1RLamhQX3A5b0txMDNlT0tuS2xxVUl6aERqX2J4VVdJdDA0LVVfZGRuYW1mVnhieDZNbXBkS3F1ZlJJNFVpWFhlQjhQRkNSdFpuQi1IZWk3T1dGclRNT3FDNDQ4eF96U1Npd050ZlN3SWZ5NjV6LWY1ekwyenRJZG9G?oc=5\" target=\"_blank\" rel=\"nofollow noopener\">Mundial de Futsal Feminino: Portugal j\u00e1 sabe quem enfrentar\u00e1 caso ven\u00e7a a It\u00e1lia<\/a>&nbsp;&nbsp;Bola na Rede<\/li>\n<li><a href=\"https:\/\/news.google.com\/rss\/articles\/CBMic0FVX3lxTFBJa2lSWFdmOEd5RDItWjBqMndsU0llcklkUDBfcnlzcExrcUYtVVozMlBqVFh5dUREWDZWYzZReER0WWhMT0lDRGlsZGdGWHI2VFA3Z20zdEtWSWlMeXZqSFZPTHhlb0FLOEU2STJVd0Y3d1E?oc=5\" target=\"_blank\" rel=\"nofollow noopener\">Hora das decis\u00f5es<\/a>&nbsp;&nbsp;SAPO<\/li>\n<li><a href=\"https:\/\/news.google.com\/rss\/articles\/CBMioAFBVV95cUxPVjZrem8wYUJwNTUtQ1FGWXBEc2F2MnlXZHdRUGF0azNIRmduSnp3Y3FQVW5Vb0VXZVJtQS1VTEZKcTNyUnBRYzBHYjN5T3ZQUzVRM0p0MTN2by1KYWdNR3RIamxQa0JqV0l2Slp2amF2MDl3SU5wb1lKUmhudXlkTWZwZ21rNm9pcE42SjM5c19seS1TUEo4emdncnFoUFB30gGMAUFVX3lxTFByQUtDeUQ2YUlydUlsTk16ZTlmaVVrdmtyMk5PMDVxcmhuVUFqYTZ2S2ZpRnFXYlVMUmd4NnNTUWdOdnJnbzJJTmVZbkFYWWNEenJEVzlnb0N2cVc1WVY3di1vSEI4c2txNmVFLWRnMmFnMG9UMUNfSktXQUtoMzU5eFc1MEI0NmVtMGVy?oc=5\" target=\"_blank\" rel=\"nofollow noopener\">&#8220;Est\u00e3o de parab\u00e9ns pela forma como encararam o jogo&#8221;<\/a>&nbsp;&nbsp;O Jogo<\/li>\n<\/ol>\n","protected":false},"excerpt":{"rendered":"Portugal joga quartos-de-final do Mundial Feminino de Futsal: selecionador fala em &#8220;linha que separa o sucesso do insucesso&#8221;&nbsp;&nbsp;SAPO&hellip;\n","protected":false},"author":2,"featured_media":161252,"comment_status":"","ping_status":"","sticky":false,"template":"","format":"standard","meta":{"footnotes":""},"categories":[8],"tags":[27,28,15,16,14,25,26,21,22,12,13,19,20,32,23,24,33,17,18,29,30,31],"class_list":{"0":"post-172106","1":"post","2":"type-post","3":"status-publish","4":"format-standard","5":"has-post-thumbnail","7":"category-principais-noticias","8":"tag-breaking-news","9":"tag-breakingnews","10":"tag-featured-news","11":"tag-featurednews","12":"tag-headlines","13":"tag-latest-news","14":"tag-latestnews","15":"tag-main-news","16":"tag-mainnews","17":"tag-news","18":"tag-noticias","19":"tag-noticias-principais","20":"tag-noticiasprincipais","21":"tag-portugal","22":"tag-principais-noticias","23":"tag-principaisnoticias","24":"tag-pt","25":"tag-top-stories","26":"tag-topstories","27":"tag-ultimas","28":"tag-ultimas-noticias","29":"tag-ultimasnoticias"},"share_on_mastodon":{"url":"https:\/\/pubeurope.com\/@pt\/115645749977877537","error":""},"_links":{"self":[{"href":"https:\/\/www.europesays.com\/pt\/wp-json\/wp\/v2\/posts\/172106","targetHints":{"allow":["GET"]}}],"collection":[{"href":"https:\/\/www.europesays.com\/pt\/wp-json\/wp\/v2\/posts"}],"about":[{"href":"https:\/\/www.europesays.com\/pt\/wp-json\/wp\/v2\/types\/post"}],"author":[{"embeddable":true,"href":"https:\/\/www.europesays.com\/pt\/wp-json\/wp\/v2\/users\/2"}],"replies":[{"embeddable":true,"href":"https:\/\/www.europesays.com\/pt\/wp-json\/wp\/v2\/comments?post=172106"}],"version-history":[{"count":0,"href":"https:\/\/www.europesays.com\/pt\/wp-json\/wp\/v2\/posts\/172106\/revisions"}],"wp:featuredmedia":[{"embeddable":true,"href":"https:\/\/www.europesays.com\/pt\/wp-json\/wp\/v2\/media\/161252"}],"wp:attachment":[{"href":"https:\/\/www.europesays.com\/pt\/wp-json\/wp\/v2\/media?parent=172106"}],"wp:term":[{"taxonomy":"category","embeddable":true,"href":"https:\/\/www.europesays.com\/pt\/wp-json\/wp\/v2\/categories?post=172106"},{"taxonomy":"post_tag","embeddable":true,"href":"https:\/\/www.europesays.com\/pt\/wp-json\/wp\/v2\/tags?post=172106"}],"curies":[{"name":"wp","href":"https:\/\/api.w.org\/{rel}","templated":true}]}}