{"id":172119,"date":"2025-12-01T18:47:10","date_gmt":"2025-12-01T18:47:10","guid":{"rendered":"https:\/\/www.europesays.com\/pt\/172119\/"},"modified":"2025-12-01T18:47:10","modified_gmt":"2025-12-01T18:47:10","slug":"1o-de-dezembro-ribeiro-e-castro-embaracado-com-voto-na-ad-observador","status":"publish","type":"post","link":"https:\/\/www.europesays.com\/pt\/172119\/","title":{"rendered":"1\u00ba de dezembro. Ribeiro e Castro &#8220;embara\u00e7ado&#8221; com voto na AD \u2013 Observador"},"content":{"rendered":"<p>O dia era de comemora\u00e7\u00f5es \u2014 pelo 1.\u00ba de dezembro, data da restaura\u00e7\u00e3o da independ\u00eancia portuguesa \u2013, mas afinal o tom acabou por azedar. Isto porque o antigo l\u00edder do CDS Jos\u00e9 Ribeiro e Castro discursou nas comemora\u00e7\u00f5es oficiais da data, enquanto presidente da Sociedade Hist\u00f3rica da Independ\u00eancia de Portugal, e surpreendeu ao desabafar que est\u00e1 \u201cembara\u00e7ado por ter votado AD\u201d.<\/p>\n<p>A cr\u00edtica surgiu depois de Ribeiro e Castro ter falado na falta de apoios para a sociedade a que preside, assim como na dificuldade em conseguir sequer encontrar-se com Lu\u00eds Montenegro, que n\u00e3o esteve presente na cerim\u00f3nia no Terreiro do Pa\u00e7o, em Lisboa, fazendo-se representar pelo ministro da Defesa, Nuno Melo. Nas cerim\u00f3nias estavam tamb\u00e9m Marcelo Rebelo de Sousa, que tal como \u00e9 habitual n\u00e3o discursou, e o presidente da C\u00e2mara de Lisboa, Carlos Moedas.<\/p>\n<p>\u201cO panorama de decl\u00ednio dos apoios governamentais vem de governos de h\u00e1 25 anos. T\u00ednhamos esperan\u00e7a de que agora fosse definido um quadro novo\u201d, explicou Ribeiro e Castro durante o seu discurso, criticando o Executivo: \u201cO Governo responde \u00e0 indiferen\u00e7a com indiferen\u00e7a\u201d.<\/p>\n<p>E fez um mea culpa: \u201cAntes podia refugiar-me na ideia de que n\u00e3o tenho culpa, n\u00e3o votei PS, mas agora embara\u00e7o-me ao dizer aos meus bot\u00f5es: eu tenho culpa, eu votei AD. \u00c9 um pensamento bastante insuport\u00e1vel\u201d, desabafou.<\/p>\n<p>\u201cSem preju\u00edzo dos ministros setoriais, isto constitui mat\u00e9ria do primeiro-ministro. N\u00e3o conseguimos ser recebidos nem que participe em cerim\u00f3nias que organizamos. Seguimos \u00e0 espera\u201d, atirou ainda.<\/p>\n<p>Para mais, Ribeiro e Castro fez quest\u00e3o de contar a hist\u00f3ria de uma mulher que encontrou nas comemora\u00e7\u00f5es,\u00a0que queria levar um presente a Montenegro (uma bandeira que assinala os 900 anos do pa\u00eds) e que ficou desiludida por o primeiro-ministro n\u00e3o estar, recordando que Ant\u00f3nio Costa marcou presen\u00e7a v\u00e1rias vezes nas cerim\u00f3nias.<\/p>\n<p>\u201cUm primeiro-ministro n\u00e3o deve faltar onde faz falta. N\u00e3o vejo coisa mais importante para fazer no dia das comemora\u00e7\u00f5es da independ\u00eancia\u201d, ter\u00e1 dito ao democrata-crist\u00e3o, que se mostrou em concord\u00e2ncia. \u00c0 sa\u00edda, e interpelado pelos jornalistas sobre o discurso de Ribeiro e Castro, Melo assegurou que no 1.\u00ba de dezembro n\u00e3o h\u00e1 \u201cmelindres\u201d: \u201cDeus me livre\u201d.<\/p>\n<p>J\u00e1 o ministro da Defesa aproveitou, no seu discurso, para fazer o elogio das For\u00e7as Armadas, \u201choje legat\u00e1rias do esp\u00edrito do 1\u00ba de dezembro, porque s\u00e3o a manifesta\u00e7\u00e3o viva da ess\u00eancia da na\u00e7\u00e3o portuguesa\u201d, e do programa de investimento \u2014 referindo-se \u00e0 candidatura formal de Portugal ao programa europeu de empr\u00e9stimos para a Defesa SAFE \u2014 para o setor.<\/p>\n<p>\u201c\u00c9 tamb\u00e9m a pensar neles [membros das For\u00e7as Armadas] que ontem lan\u00e7\u00e1mos o maior programa de investimento de uma s\u00f3 vez nos tr\u00eas ramos, 5,8 mil milh\u00f5es de euros mobilizados para a aquisi\u00e7\u00e3o de navios, ve\u00edculos blindados, sat\u00e9lites, defesas anti-a\u00e9reas, reservas de muni\u00e7\u00f5es e drones\u201d, explicou. E\u00a0garantiu que este investimento tamb\u00e9m vai \u201calavancar a economia e chamar as ind\u00fastrias nacionais\u201d.<\/p>\n<p>Esse pacote, argumentou, \u00e9 particularmente no atual contexto internacional, para Portugal poder garantir que se consegue proteger.<\/p>\n<p>\u201cAs autocracias desafiam as democracias. H\u00e1 povos que lutam e morrem porque querem escolher livremente o seu destino, como n\u00f3s fazemos. E outra parte do planeta n\u00e3o se rev\u00ea nos mesmos valores e modo de vida. Por isso investimos tamb\u00e9m por n\u00f3s pr\u00f3prios, a pensar na Defesa e nas oportunidades para o pa\u00eds avan\u00e7ar\u201d.<\/p>\n<p>\u201cA grandeza do presente est\u00e1 tamb\u00e9m nos portugueses que se superam todos os dias\u201d, acrescentou, falando em profissionais de sa\u00fade, professores, agricultores, guardas e pol\u00edcias, empres\u00e1rios ou desportistas. \u201cOs portugueses s\u00e3o um povo extraordin\u00e1rio\u201d.<\/p>\n","protected":false},"excerpt":{"rendered":"O dia era de comemora\u00e7\u00f5es \u2014 pelo 1.\u00ba de dezembro, data da restaura\u00e7\u00e3o da independ\u00eancia portuguesa \u2013, mas&hellip;\n","protected":false},"author":2,"featured_media":172120,"comment_status":"","ping_status":"","sticky":false,"template":"","format":"standard","meta":{"footnotes":""},"categories":[10],"tags":[27,28,15,16,301,14,25,26,21,22,12,13,19,20,302,32,23,24,33,17,18,29,30,31],"class_list":{"0":"post-172119","1":"post","2":"type-post","3":"status-publish","4":"format-standard","5":"has-post-thumbnail","7":"category-portugal","8":"tag-breaking-news","9":"tag-breakingnews","10":"tag-featured-news","11":"tag-featurednews","12":"tag-governo","13":"tag-headlines","14":"tag-latest-news","15":"tag-latestnews","16":"tag-main-news","17":"tag-mainnews","18":"tag-news","19":"tag-noticias","20":"tag-noticias-principais","21":"tag-noticiasprincipais","22":"tag-polu00edtica","23":"tag-portugal","24":"tag-principais-noticias","25":"tag-principaisnoticias","26":"tag-pt","27":"tag-top-stories","28":"tag-topstories","29":"tag-ultimas","30":"tag-ultimas-noticias","31":"tag-ultimasnoticias"},"share_on_mastodon":{"url":"https:\/\/pubeurope.com\/@pt\/115645805019309817","error":""},"_links":{"self":[{"href":"https:\/\/www.europesays.com\/pt\/wp-json\/wp\/v2\/posts\/172119","targetHints":{"allow":["GET"]}}],"collection":[{"href":"https:\/\/www.europesays.com\/pt\/wp-json\/wp\/v2\/posts"}],"about":[{"href":"https:\/\/www.europesays.com\/pt\/wp-json\/wp\/v2\/types\/post"}],"author":[{"embeddable":true,"href":"https:\/\/www.europesays.com\/pt\/wp-json\/wp\/v2\/users\/2"}],"replies":[{"embeddable":true,"href":"https:\/\/www.europesays.com\/pt\/wp-json\/wp\/v2\/comments?post=172119"}],"version-history":[{"count":0,"href":"https:\/\/www.europesays.com\/pt\/wp-json\/wp\/v2\/posts\/172119\/revisions"}],"wp:featuredmedia":[{"embeddable":true,"href":"https:\/\/www.europesays.com\/pt\/wp-json\/wp\/v2\/media\/172120"}],"wp:attachment":[{"href":"https:\/\/www.europesays.com\/pt\/wp-json\/wp\/v2\/media?parent=172119"}],"wp:term":[{"taxonomy":"category","embeddable":true,"href":"https:\/\/www.europesays.com\/pt\/wp-json\/wp\/v2\/categories?post=172119"},{"taxonomy":"post_tag","embeddable":true,"href":"https:\/\/www.europesays.com\/pt\/wp-json\/wp\/v2\/tags?post=172119"}],"curies":[{"name":"wp","href":"https:\/\/api.w.org\/{rel}","templated":true}]}}