{"id":172125,"date":"2025-12-01T18:52:40","date_gmt":"2025-12-01T18:52:40","guid":{"rendered":"https:\/\/www.europesays.com\/pt\/172125\/"},"modified":"2025-12-01T18:52:40","modified_gmt":"2025-12-01T18:52:40","slug":"entre-provocacoes-leandro-atira-vai-ser-o-final-deste-programa-sozinho-em-casa-secret-story","status":"publish","type":"post","link":"https:\/\/www.europesays.com\/pt\/172125\/","title":{"rendered":"Entre provoca\u00e7\u00f5es, Leandro atira: \u00abVai ser o final deste programa, sozinho em casa\u00bb &#8211; Secret Story"},"content":{"rendered":"<p>No Secret Story 9, no meio de picardias entre os concorrentes, Leandro d\u00e1 a entender que ser\u00e1 o \u00faltimo a sair da casa mais vigiada do Pa\u00eds e, por isso, o grande vencedor do programa.\u00a0<\/p>\n<p><strong>Dylan, F\u00e1bio e In\u00eas, s\u00e3o os nomeados desta semana. Vote para salvar o seu preferido:<\/strong><\/p>\n<p>DYLAN \u2013 761 20 20 07<br \/>F\u00c1BIO \u2013 761 20 20 08<br \/>IN\u00caS \u2013 761 20 20 10<\/p>\n<p><a href=\"https:\/\/tvi.iol.pt\/secretstory\/aominuto\" wbo-id=\"32\" rel=\"nofollow noopener\" target=\"_blank\">Acompanhe aqui tudo o que se passa no Secret Story 9<\/a><\/p>\n","protected":false},"excerpt":{"rendered":"No Secret Story 9, no meio de picardias entre os concorrentes, Leandro d\u00e1 a entender que ser\u00e1 o&hellip;\n","protected":false},"author":2,"featured_media":172126,"comment_status":"","ping_status":"","sticky":false,"template":"","format":"standard","meta":{"footnotes":""},"categories":[142],"tags":[114,115,19033,12397,19034,32,33,151,19032],"class_list":{"0":"post-172125","1":"post","2":"type-post","3":"status-publish","4":"format-standard","5":"has-post-thumbnail","7":"category-tv","8":"tag-entertainment","9":"tag-entretenimento","10":"tag-galas-em-video","11":"tag-leandro","12":"tag-melhores-momentos-casa-dos-segredos","13":"tag-portugal","14":"tag-pt","15":"tag-tv","16":"tag-videos-secret-story-tvi"},"share_on_mastodon":{"url":"https:\/\/pubeurope.com\/@pt\/115645824574593935","error":""},"_links":{"self":[{"href":"https:\/\/www.europesays.com\/pt\/wp-json\/wp\/v2\/posts\/172125","targetHints":{"allow":["GET"]}}],"collection":[{"href":"https:\/\/www.europesays.com\/pt\/wp-json\/wp\/v2\/posts"}],"about":[{"href":"https:\/\/www.europesays.com\/pt\/wp-json\/wp\/v2\/types\/post"}],"author":[{"embeddable":true,"href":"https:\/\/www.europesays.com\/pt\/wp-json\/wp\/v2\/users\/2"}],"replies":[{"embeddable":true,"href":"https:\/\/www.europesays.com\/pt\/wp-json\/wp\/v2\/comments?post=172125"}],"version-history":[{"count":0,"href":"https:\/\/www.europesays.com\/pt\/wp-json\/wp\/v2\/posts\/172125\/revisions"}],"wp:featuredmedia":[{"embeddable":true,"href":"https:\/\/www.europesays.com\/pt\/wp-json\/wp\/v2\/media\/172126"}],"wp:attachment":[{"href":"https:\/\/www.europesays.com\/pt\/wp-json\/wp\/v2\/media?parent=172125"}],"wp:term":[{"taxonomy":"category","embeddable":true,"href":"https:\/\/www.europesays.com\/pt\/wp-json\/wp\/v2\/categories?post=172125"},{"taxonomy":"post_tag","embeddable":true,"href":"https:\/\/www.europesays.com\/pt\/wp-json\/wp\/v2\/tags?post=172125"}],"curies":[{"name":"wp","href":"https:\/\/api.w.org\/{rel}","templated":true}]}}