{"id":172143,"date":"2025-12-01T19:12:20","date_gmt":"2025-12-01T19:12:20","guid":{"rendered":"https:\/\/www.europesays.com\/pt\/172143\/"},"modified":"2025-12-01T19:12:20","modified_gmt":"2025-12-01T19:12:20","slug":"deco-abre-o-livro-hoje-ficava-no-maximo-dois-anos-no-fc-porto","status":"publish","type":"post","link":"https:\/\/www.europesays.com\/pt\/172143\/","title":{"rendered":"Deco abre o livro: &#8220;Hoje, ficava no m\u00e1ximo dois anos no FC Porto&#8221;"},"content":{"rendered":"<p>Deco concedeu uma extensa entrevista \u00e0 edi\u00e7\u00e3o desta segunda-feira do jornal brit\u00e2nico <a href=\"https:\/\/www.thetimes.com\/sport\/football\/article\/deco-marcus-rashford-happy-pressure-manchester-united-barcelona-t5f3zs78t\" target=\"_blank\" rel=\"noopener nofollow\">The Times<\/a>, na qual abordou diversos temas, entre eles, &#8220;o fant\u00e1stico sonho&#8221; que viveu ao servi\u00e7o do FC Porto, quando, em 2004, conquistou a Liga dos Campe\u00f5es, sob a orienta\u00e7\u00e3o do agora treinador do Benfica, Jos\u00e9 Mourinho.<\/p>\n<p>&#8220;Hoje em dia, seria mais dif\u00edcil, porque o mercado \u00e9 muito agressivo. Eu espero que volte a acontecer. Adoro a cidade, mas n\u00e3o \u00e9 f\u00e1cil para o FC Porto segurar os jogadores. Eu fiquei l\u00e1 durante cinco anos, mas um jogador como eu ou Ricardo Carvalho, hoje em dia, ficariam, no m\u00e1ximo dois anos&#8221;, come\u00e7ou por afirmar o antigo internacional portugu\u00eas.<\/p>\n<p>O ent\u00e3o criativo, recorde-se, chegou \u00e0s Antas em 1999, proveniente do Salgueiros, a troco de uma verba na ordem dos oito milh\u00f5es de euros, e partiu para o Barcelona, por 21 milh\u00f5es de euros. Um salto que, agora, o pr\u00f3prio justifica com a inten\u00e7\u00e3o de cumprir &#8220;um sonho&#8221; que tinha desde a inf\u00e2ncia.<\/p>\n<p>&#8220;Quando eu decidi que o meu tempo no Barcelona tinha chegado ao fim, tinha duas op\u00e7\u00f5es. Tinha o Internazionale, com Jos\u00e9 Mourinho. \u00c9 claro que a influ\u00eancia de [Luiz] Felipe Scolari foi importante para mim, mas n\u00e3o teve apenas a ver com isso&#8221;, sublinhou, a prop\u00f3sito do &#8216;salto&#8217; para o Chelsea, em 2008, por dez milh\u00f5es de euros.<\/p>\n<p>&#8220;Eu queria jogar na Premier League, ter esse tipo de experi\u00eancia. A decis\u00e3o deveu-se ao projeto do Chelsea. Eu conhecia a equipa, os jogadores. O Chelsea foi melhor para mim&#8221;, acrescentou. No entanto, a verdade \u00e9 que a experi\u00eancia em Inglaterra n\u00e3o correu como o luso-brasileiro pretendia, pelo que, apenas dois anos depois, partiu rumo ao Fluminense.<\/p>\n<p>&#8220;Naquela altura, a minha ex-mulher decidiu voltar ao Brasil. Era demasiado longe para os meus filhos. Antes, eles estavam em Portugal. O meu mais velho tem, agora, 25 anos de idade, mas, na altura, tinha oito. Agitou-me muito. Essa foi uma das raz\u00f5es pelas quais decidi voltar. Era feliz, aqui, ainda que o meu segundo ano n\u00e3o tenha sido t\u00e3o bom&#8221;, confessou.<\/p>\n<p>&#8220;Eu n\u00e3o gosto de desculpas, porque toda a gente tem os seus pr\u00f3prios problemas, mas, se eu pudesse, teria gostado de passar mais anos no Chelsea&#8221;, completou.<\/p>\n<p>                                                    &#8220;A minha ideia n\u00e3o era ser diretor desportivo do Barcelona&#8221;<\/p>\n<p>Ap\u00f3s &#8216;pendurar as chuteiras&#8217;, em 2013, Deco enveredou pela carreira de empres\u00e1rio de jogadores, onde foi fomentando uma rela\u00e7\u00e3o estreita com o Barcelona, at\u00e9 que, dez anos depois, se tornou no homem escolhido pelo presidente, Joan Laporta, para ocupar o cargo de diretor desportivo. Algo que, assume, nunca lhe tinha passado pela cabe\u00e7a.<\/p>\n<p>&#8220;Sou um adepto do clube. Desde que me retirei, mantive amigos, aqui. Tenho casa, aqui. O clube precisava de uma mudan\u00e7a, de uma reconstru\u00e7\u00e3o, e eu queria ajudar, de fora. A minha ideia n\u00e3o era ser diretor desportivo. Depois de ser eleito, o presidente disse-me sempre &#8216;Tens de tornar-te no diretor desportivo&#8221;, concluiu o ex-internacional portugu\u00eas.<\/p>\n<p>Leia Tamb\u00e9m: <a href=\"https:\/\/www.noticiasaominuto.com\/desporto\/2897379\/real-madrid-nao-consegue-superar-o-girona-e-deixa-barcelona-na-lideranca\" target=\"_blank\" rel=\"noopener noreferrer nofollow\">Real Madrid n\u00e3o consegue superar o Girona e deixa Barcelona na lideran\u00e7a<\/a><\/p>\n","protected":false},"excerpt":{"rendered":"Deco concedeu uma extensa entrevista \u00e0 edi\u00e7\u00e3o desta segunda-feira do jornal brit\u00e2nico The Times, na qual abordou diversos&hellip;\n","protected":false},"author":2,"featured_media":172144,"comment_status":"","ping_status":"","sticky":false,"template":"","format":"standard","meta":{"footnotes":""},"categories":[87],"tags":[135,32,33,134],"class_list":{"0":"post-172143","1":"post","2":"type-post","3":"status-publish","4":"format-standard","5":"has-post-thumbnail","7":"category-desporto","8":"tag-desporto","9":"tag-portugal","10":"tag-pt","11":"tag-sports"},"share_on_mastodon":{"url":"https:\/\/pubeurope.com\/@pt\/115645903204147511","error":""},"_links":{"self":[{"href":"https:\/\/www.europesays.com\/pt\/wp-json\/wp\/v2\/posts\/172143","targetHints":{"allow":["GET"]}}],"collection":[{"href":"https:\/\/www.europesays.com\/pt\/wp-json\/wp\/v2\/posts"}],"about":[{"href":"https:\/\/www.europesays.com\/pt\/wp-json\/wp\/v2\/types\/post"}],"author":[{"embeddable":true,"href":"https:\/\/www.europesays.com\/pt\/wp-json\/wp\/v2\/users\/2"}],"replies":[{"embeddable":true,"href":"https:\/\/www.europesays.com\/pt\/wp-json\/wp\/v2\/comments?post=172143"}],"version-history":[{"count":0,"href":"https:\/\/www.europesays.com\/pt\/wp-json\/wp\/v2\/posts\/172143\/revisions"}],"wp:featuredmedia":[{"embeddable":true,"href":"https:\/\/www.europesays.com\/pt\/wp-json\/wp\/v2\/media\/172144"}],"wp:attachment":[{"href":"https:\/\/www.europesays.com\/pt\/wp-json\/wp\/v2\/media?parent=172143"}],"wp:term":[{"taxonomy":"category","embeddable":true,"href":"https:\/\/www.europesays.com\/pt\/wp-json\/wp\/v2\/categories?post=172143"},{"taxonomy":"post_tag","embeddable":true,"href":"https:\/\/www.europesays.com\/pt\/wp-json\/wp\/v2\/tags?post=172143"}],"curies":[{"name":"wp","href":"https:\/\/api.w.org\/{rel}","templated":true}]}}