{"id":172147,"date":"2025-12-01T19:15:30","date_gmt":"2025-12-01T19:15:30","guid":{"rendered":"https:\/\/www.europesays.com\/pt\/172147\/"},"modified":"2025-12-01T19:15:30","modified_gmt":"2025-12-01T19:15:30","slug":"cachos-coloridos-com-inoa-de-loreal-professionnel","status":"publish","type":"post","link":"https:\/\/www.europesays.com\/pt\/172147\/","title":{"rendered":"Cachos coloridos com iNOA de L\u2019Or\u00e9al Professionnel"},"content":{"rendered":"<p>\t\t\t\t\t\t\t\t\t\t\t\t\t\t\t\t\tCONTE\u00daDO APRESENTADO POR L\u2019OR\u00c9AL PROFESSIONNEL<\/p>\n<p style=\"text-align: left;\">Quando o assunto \u00e9 colora\u00e7\u00e3o para cabelos cacheados, a aten\u00e7\u00e3o precisa ser redobrada. Fios com mais textura tendem a ser naturalmente mais ressecados \u2013 e a qu\u00edmica pode acentuar essa caracter\u00edstica. Al\u00e9m disso, escolhas inadequadas podem afetar a curvatura, comprometendo a defini\u00e7\u00e3o. Por isso, encontrar a colora\u00e7\u00e3o certa faz toda a diferen\u00e7a.<\/p>\n<p><img loading=\"lazy\" decoding=\"async\" class=\"lazy lazy-hidden alignnone wp-image-172708 size-full\" data-lazy-type=\"image\" src=\"https:\/\/www.europesays.com\/pt\/wp-content\/uploads\/2025\/12\/LOreal-04.jpg\" alt=\"LOreal 04\" width=\"1080\" height=\"1350\" title=\"Cachos coloridos com iNOA de L\u2019Or\u00e9al Professionnel\"\/><\/p>\n<p>Nesse cen\u00e1rio, iNOA se destaca como a aposta ideal. A colora\u00e7\u00e3o permanente, sem am\u00f4nia e vegana da marca traz a tecnologia exclusiva Oil Delivery System, que nutre os fios e preserva o couro cabeludo durante o processo. \u201cEu amo iNOA porque ela me d\u00e1 a confian\u00e7a de criar para todos os tipos de textura e curvatura. Por ser ativada por \u00f3leo, entrega a hidrata\u00e7\u00e3o que especialmente cabelos crespos e cacheados precisam\u201d, explica Vivi Siqueira, hairstylist e embaixadora de L\u2019Or\u00e9al Professionnel.<\/p>\n<p><img loading=\"lazy\" decoding=\"async\" class=\"lazy lazy-hidden alignnone wp-image-172707 size-full\" data-lazy-type=\"image\" src=\"https:\/\/www.europesays.com\/pt\/wp-content\/uploads\/2025\/12\/LOreal-03.jpg\" alt=\"LOreal 03\" width=\"1080\" height=\"1350\" title=\"Cachos coloridos com iNOA de L\u2019Or\u00e9al Professionnel\"\/><\/p>\n<p>A recente edi\u00e7\u00e3o da <a href=\"https:\/\/elle.com.br\/beleza\/casa-criativa-de-loreal-professionnel\" rel=\"nofollow noopener\" target=\"_blank\">Casa Criativa<\/a> \u2013 imers\u00e3o promovida pela marca no Rio de Janeiro para desenvolver novas tend\u00eancias e t\u00e9cnicas de colora\u00e7\u00e3o \u2013 foi fundamental para aprimorar esse olhar. Registrada pela ELLE em uma webs\u00e9rie com clima de reality show, a iniciativa reuniu cinco embaixadores da L\u2019Or\u00e9al Professionnel, que trabalharam para criar looks a partir das French Highlights, mechas que iluminam os fios de maneira sutil e natural. Foi justamente essa t\u00e9cnica que inspirou o novo visual da atriz Deborah Secco (que noticiamos <a href=\"https:\/\/elle.com.br\/beleza\/com-loreal-professionnel-deborah-secco-revela-novo-visual\" rel=\"nofollow noopener\" target=\"_blank\">aqui!<\/a>) e as transforma\u00e7\u00f5es que voc\u00ea v\u00ea a seguir.<\/p>\n<p><img loading=\"lazy\" decoding=\"async\" class=\"lazy lazy-hidden alignnone wp-image-172705 size-full\" data-lazy-type=\"image\" src=\"https:\/\/www.europesays.com\/pt\/wp-content\/uploads\/2025\/12\/LOreal-01.jpg\" alt=\"LOreal 01\" width=\"1080\" height=\"1350\" title=\"Cachos coloridos com iNOA de L\u2019Or\u00e9al Professionnel\"\/><\/p>\n<p>Especialista em colora\u00e7\u00e3o de cachos e crespos e rec\u00e9m-sa\u00edda da imers\u00e3o na Casa Criativa, Vivi conduziu a mudan\u00e7a da modelo e criadora de conte\u00fado Mikaela Gomes, que topou colorir os cabelos pela primeira vez com iNOA. O resultado tem tudo a ver com o ver\u00e3o: um loiro superiluminado, com brilho distribu\u00eddo como nas French Highlights. \u201cSempre tive vontade de fazer uma mudan\u00e7a radical, mas morria de medo porque meu cabelo \u00e9 crespo, e a chance de perder a defini\u00e7\u00e3o, ficar quebradi\u00e7o ou ressecado era grande\u201d, conta a modelo. \u201cAt\u00e9 descobrir que a L\u2019Or\u00e9al Professionnel tem uma tecnologia que muda a cor dos fios preservando a sa\u00fade deles\u201d, completa.<\/p>\n<p><img loading=\"lazy\" decoding=\"async\" class=\"lazy lazy-hidden alignnone wp-image-172810 size-full\" data-lazy-type=\"image\" src=\"https:\/\/www.europesays.com\/pt\/wp-content\/uploads\/2025\/12\/LOreal-05.jpg\" alt=\"LOreal 05\" width=\"1080\" height=\"1350\" title=\"Cachos coloridos com iNOA de L\u2019Or\u00e9al Professionnel\"\/><\/p>\n<p>Depois de viver sua primeira transforma\u00e7\u00e3o \u2013 e amar o resultado \u2013, Mikaela convidou duas amigas para embarcarem no processo. A influenciadora Bruna Dias clareou e aqueceu os fios com um castanho acobreado iluminado pelas m\u00e3os da hairstylist Jana G., que tamb\u00e9m se inspirou nas French Highlights para distribuir a luz de forma natural. A mesma paleta guiou a criadora de conte\u00fado Lilian Farrish, que teve os cabelos coloridos pela expert Renata Rodrigues, apostando em reflexos sutis que valorizam textura e movimento.<\/p>\n<p>Para ler conte\u00fados exclusivos e multim\u00eddia,\u00a0<a class=\"c-link\" href=\"https:\/\/loja.elle.com.br\/assinatura?utm_source=site&amp;utm_medium=post&amp;utm_campaign=cta-after-post&quot;\" target=\"_blank\" rel=\"nofollow noopener\"><strong>assine a ELLE View<\/strong><\/a>, nossa revista digital mensal para assinantes<\/p>\n","protected":false},"excerpt":{"rendered":"CONTE\u00daDO APRESENTADO POR L\u2019OR\u00c9AL PROFESSIONNEL Quando o assunto \u00e9 colora\u00e7\u00e3o para cabelos cacheados, a aten\u00e7\u00e3o precisa ser redobrada.&hellip;\n","protected":false},"author":2,"featured_media":172148,"comment_status":"","ping_status":"","sticky":false,"template":"","format":"standard","meta":{"footnotes":""},"categories":[84],"tags":[109,107,108,32,33,105,103,104,106,110],"class_list":{"0":"post-172147","1":"post","2":"type-post","3":"status-publish","4":"format-standard","5":"has-post-thumbnail","7":"category-ciencia-e-tecnologia","8":"tag-ciencia","9":"tag-ciencia-e-tecnologia","10":"tag-cienciaetecnologia","11":"tag-portugal","12":"tag-pt","13":"tag-science","14":"tag-science-and-technology","15":"tag-scienceandtechnology","16":"tag-technology","17":"tag-tecnologia"},"share_on_mastodon":{"url":"https:\/\/pubeurope.com\/@pt\/115645915671053969","error":""},"_links":{"self":[{"href":"https:\/\/www.europesays.com\/pt\/wp-json\/wp\/v2\/posts\/172147","targetHints":{"allow":["GET"]}}],"collection":[{"href":"https:\/\/www.europesays.com\/pt\/wp-json\/wp\/v2\/posts"}],"about":[{"href":"https:\/\/www.europesays.com\/pt\/wp-json\/wp\/v2\/types\/post"}],"author":[{"embeddable":true,"href":"https:\/\/www.europesays.com\/pt\/wp-json\/wp\/v2\/users\/2"}],"replies":[{"embeddable":true,"href":"https:\/\/www.europesays.com\/pt\/wp-json\/wp\/v2\/comments?post=172147"}],"version-history":[{"count":0,"href":"https:\/\/www.europesays.com\/pt\/wp-json\/wp\/v2\/posts\/172147\/revisions"}],"wp:featuredmedia":[{"embeddable":true,"href":"https:\/\/www.europesays.com\/pt\/wp-json\/wp\/v2\/media\/172148"}],"wp:attachment":[{"href":"https:\/\/www.europesays.com\/pt\/wp-json\/wp\/v2\/media?parent=172147"}],"wp:term":[{"taxonomy":"category","embeddable":true,"href":"https:\/\/www.europesays.com\/pt\/wp-json\/wp\/v2\/categories?post=172147"},{"taxonomy":"post_tag","embeddable":true,"href":"https:\/\/www.europesays.com\/pt\/wp-json\/wp\/v2\/tags?post=172147"}],"curies":[{"name":"wp","href":"https:\/\/api.w.org\/{rel}","templated":true}]}}