{"id":172151,"date":"2025-12-01T19:19:09","date_gmt":"2025-12-01T19:19:09","guid":{"rendered":"https:\/\/www.europesays.com\/pt\/172151\/"},"modified":"2025-12-01T19:19:09","modified_gmt":"2025-12-01T19:19:09","slug":"espanha-desmantela-celula-ligada-a-grupo-terrorista-neonazi-the-base","status":"publish","type":"post","link":"https:\/\/www.europesays.com\/pt\/172151\/","title":{"rendered":"Espanha desmantela c\u00e9lula ligada a grupo terrorista neonazi &#8220;The Base&#8221;"},"content":{"rendered":"<p>&#13;<br \/>\n<b>Em comunicado,\u00a0a pol\u00edcia espanhola diz ter desmantelado &#8220;a primeira c\u00e9lula terrorista de car\u00e1ter &#8216;aceleracionista&#8217; detetada em Espanha&#8221;, na prov\u00edncia de Castell\u00f3n (regi\u00e3o da Comunidade Valenciana, no leste do pa\u00eds).\u00a0<\/b>O &#8216;aceleracionismo&#8217; \u00e9 uma corrente associada \u00e0 extrema-direita e aos movimentos que defendem a supremacia branca que pede uma &#8220;acelera\u00e7\u00e3o&#8221; do caos para derrubar a ordem existente, atrav\u00e9s de atentados. &#13;\n<\/p>\n<p><b>Tr\u00eas pessoas foram detidas e uma, suspeita de liderar o grupo, permanece sob cust\u00f3dia na prov\u00edncia de Castell\u00f3n, a norte de Val\u00eancia.\u00a0<\/b><\/p>\n<p>Os tr\u00eas detidos s\u00e3o acusados de &#8220;pertencer a organiza\u00e7\u00e3o terrorista e capta\u00e7\u00e3o, doutrinamento e treino com fins terroristas&#8221;, assim como posse ilegal de armas.\u00a0&#13;\n<\/p>\n<p>&#13;<br \/>\n<b>Segundo a pol\u00edcia, &#8220;o l\u00edder da c\u00e9lula estava em contacto direto com o fundador do The Base, que h\u00e1 um m\u00eas apelou \u00e0 consolida\u00e7\u00e3o de c\u00e9lulas espalhadas por v\u00e1rios pa\u00edses&#8221;.<\/b>&#13;\n<\/p>\n<p>&#13;<br \/>\nNos \u00faltimos meses, os suspeitos incentivaram a pr\u00e1tica de atos violentos, chegando mesmo a declarar abertamente que estavam prontos para realizar ataques direcionados em nome da causa.<br \/>&#13;\n<\/p>\n<p>&#13;<br \/>\nPara al\u00e9m das deten\u00e7\u00f5es, oram apreendidas v\u00e1rias armas, incluindo duas armas de fogo, sete armas de treino, muni\u00e7\u00f5es, mais de 20 facas, equipamento t\u00e1tico e material neonazi.\u00a0&#13;\n<\/p>\n<p>&#13;<br \/>\nA pol\u00edcia espanhola lembrou que a organiza\u00e7\u00e3o &#8220;The Base&#8221; quer &#8220;alcan\u00e7ar o objetivo de uma supremacia branca atrav\u00e9s do terrorismo&#8221; e &#8220;opera como uma rede descentralizada&#8221; de &#8220;pequenas c\u00e9lulas operacionais&#8221;.\u00a0&#13;\n<\/p>\n<p>&#13;<br \/>\n<b>As deten\u00e7\u00f5es ocorrem numa altura de crescimento da extrema-direita em Espanha, onde as sondagens mostram um aumento do apoio dos jovens a grupos nacionalistas e um debate renovado sobre o passado autorit\u00e1rio do pa\u00eds.<\/b>&#13;\n<\/p>\n<p>&#13;<br \/>\nO que \u00e9 e quem fundou o &#8220;The Base&#8221;?<br \/>&#13;<br \/>\nO \u201cThe Base\u201d \u00e9 grupo neonazi que promove o &#8220;aceleracionismo&#8221;, uma ideologia que procura acelerar o colapso das institui\u00e7\u00f5es democr\u00e1ticas atrav\u00e9s de ataques violentos.<b><br \/>&#13;<br \/>\n<\/b>&#13;\n<\/p>\n<p><b>Segundo a pol\u00edcia dos EUA e a Europol, o l\u00edder e fundador do grupo \u00e9 o norte-americano Rinaldo Nazzaro e as primeiras refer\u00eancias \u00e0 organiza\u00e7\u00e3o foram conhecidas em 2018. <\/b>De acordo com o Centro de Estudos Estrat\u00e9gicos e Internacionais (CSIS), o grupo estabeleceu-se em S\u00e3o Petersburgo e Nazzaro obteve cidadania russa.<\/p>\n<p>Membros da organiza\u00e7\u00e3o foram respons\u00e1veis, segundo as autoridades dos EUA, por atos de vandalismo contra sinagogas no pa\u00eds em 2019 e outras atividades com fins terroristas nos anos seguintes, tamb\u00e9m nos Estados Unidos.<\/p>\n<p>Na Europa, a Europol e o Eurojust j\u00e1 coordenaram tamb\u00e9m opera\u00e7\u00f5es internacionais que tinham c\u00e9lulas deste grupo como alvos, tendo sido detidos suspeitos em v\u00e1rios pa\u00edses (B\u00e9lgica, Cro\u00e1cia, Alemanha, Litu\u00e2nia, Rom\u00e9nia e It\u00e1lia).\u00a0&#13;\n<\/p>\n<p>&#13;<br \/>\n<b>A Uni\u00e3o Europeia integrou o grupo &#8220;The Base&#8221; na lista de organiza\u00e7\u00f5es terroristas em 2024. impondo san\u00e7\u00f5es aos seus membros, incluindo a proibi\u00e7\u00e3o de realizar viagens e o congelamento de bens na Europa.\u00a0<\/b>&#13;<\/p>\n","protected":false},"excerpt":{"rendered":"&#13; Em comunicado,\u00a0a pol\u00edcia espanhola diz ter desmantelado &#8220;a primeira c\u00e9lula terrorista de car\u00e1ter &#8216;aceleracionista&#8217; detetada em Espanha&#8221;,&hellip;\n","protected":false},"author":2,"featured_media":172152,"comment_status":"","ping_status":"","sticky":false,"template":"","format":"standard","meta":{"footnotes":""},"categories":[8],"tags":[27,28,640,15,16,14,25,26,21,22,28578,12,13,19,20,32,23,24,33,8270,36002,17,18,29,30,31],"class_list":{"0":"post-172151","1":"post","2":"type-post","3":"status-publish","4":"format-standard","5":"has-post-thumbnail","7":"category-principais-noticias","8":"tag-breaking-news","9":"tag-breakingnews","10":"tag-espanha","11":"tag-featured-news","12":"tag-featurednews","13":"tag-headlines","14":"tag-latest-news","15":"tag-latestnews","16":"tag-main-news","17":"tag-mainnews","18":"tag-neonazi","19":"tag-news","20":"tag-noticias","21":"tag-noticias-principais","22":"tag-noticiasprincipais","23":"tag-portugal","24":"tag-principais-noticias","25":"tag-principaisnoticias","26":"tag-pt","27":"tag-terrorismo","28":"tag-the-base","29":"tag-top-stories","30":"tag-topstories","31":"tag-ultimas","32":"tag-ultimas-noticias","33":"tag-ultimasnoticias"},"share_on_mastodon":{"url":"https:\/\/pubeurope.com\/@pt\/115645930924558017","error":""},"_links":{"self":[{"href":"https:\/\/www.europesays.com\/pt\/wp-json\/wp\/v2\/posts\/172151","targetHints":{"allow":["GET"]}}],"collection":[{"href":"https:\/\/www.europesays.com\/pt\/wp-json\/wp\/v2\/posts"}],"about":[{"href":"https:\/\/www.europesays.com\/pt\/wp-json\/wp\/v2\/types\/post"}],"author":[{"embeddable":true,"href":"https:\/\/www.europesays.com\/pt\/wp-json\/wp\/v2\/users\/2"}],"replies":[{"embeddable":true,"href":"https:\/\/www.europesays.com\/pt\/wp-json\/wp\/v2\/comments?post=172151"}],"version-history":[{"count":0,"href":"https:\/\/www.europesays.com\/pt\/wp-json\/wp\/v2\/posts\/172151\/revisions"}],"wp:featuredmedia":[{"embeddable":true,"href":"https:\/\/www.europesays.com\/pt\/wp-json\/wp\/v2\/media\/172152"}],"wp:attachment":[{"href":"https:\/\/www.europesays.com\/pt\/wp-json\/wp\/v2\/media?parent=172151"}],"wp:term":[{"taxonomy":"category","embeddable":true,"href":"https:\/\/www.europesays.com\/pt\/wp-json\/wp\/v2\/categories?post=172151"},{"taxonomy":"post_tag","embeddable":true,"href":"https:\/\/www.europesays.com\/pt\/wp-json\/wp\/v2\/tags?post=172151"}],"curies":[{"name":"wp","href":"https:\/\/api.w.org\/{rel}","templated":true}]}}