{"id":172173,"date":"2025-12-01T19:40:09","date_gmt":"2025-12-01T19:40:09","guid":{"rendered":"https:\/\/www.europesays.com\/pt\/172173\/"},"modified":"2025-12-01T19:40:09","modified_gmt":"2025-12-01T19:40:09","slug":"astralis-falha-pagamento-de-salarios-a-jogadores-e-staff","status":"publish","type":"post","link":"https:\/\/www.europesays.com\/pt\/172173\/","title":{"rendered":"Astralis falha pagamento de sal\u00e1rios a jogadores e staff"},"content":{"rendered":"<p style=\"text-align: justify;\"><strong>Em dia decisivo para a Astralis no Major de Budapeste foi confirmada a falha no pagamento dos sal\u00e1rios a jogadores e staff relativo ao \u00faltimo m\u00eas de trabalho. Profissionais esperavam pagamento no dia 1 de dezembro.<\/strong><\/p>\n<p style=\"text-align: justify;\">Segundo <a href=\"https:\/\/ekstrabladet.dk\/sport\/esport\/ny-moegsag-i-astralis-ansatte-og-spillere-har-ikke-faaet-udbetalt-loen\/11026383\" target=\"_blank\" rel=\"nofollow noopener\">informa\u00e7\u00f5es<\/a> do jornal dinamarqu\u00eas Ekstra Bladet, a Astralis n\u00e3o conseguiu efetuar os pagamentos dos sal\u00e1rios de jogadores e staff no prazo programado e a informa\u00e7\u00e3o apenas foi comunicada aos profissionais no dia em que devia ter sido realizado.<\/p>\n<p style=\"text-align: justify;\">Em dia decisivo para a Astralis no Major de Budapeste, nenhum dos jogadores da divis\u00e3o de Counter-Strike recebeu o valor devido. O CEO da organiza\u00e7\u00e3o Jonas Gundersen confirmou o caso e promete regulariza\u00e7\u00e3o no prazo de duas semanas.<\/p>\n<p style=\"text-align: justify;\">Na mesma confirma\u00e7\u00e3o, o rosto da organiza\u00e7\u00e3o prometeu ainda um pagamento de um b\u00f3nus de 10% aliado ao valor do sal\u00e1rio no momento dos pagamentos devidos.<\/p>\n<p style=\"text-align: justify;\">A origem deste atraso estar\u00e1 associada \u00e0 transi\u00e7\u00e3o da organiza\u00e7\u00e3o para as m\u00e3os da Fusion E-Sports Group, apesar de n\u00e3o terem sido confirmados mais detalhes sobre a situa\u00e7\u00e3o.<\/p>\n<p style=\"text-align: justify;\">A Astralis disputa com a Aurora o jogo que pode sentenciar a participa\u00e7\u00e3o dos dinamarqueses na maior prova do circuito de Counter-Strike ap\u00f3s uma longa travessia no deserto sem garantir qualifica\u00e7\u00f5es para Major.<\/p>\n<p style=\"text-align: justify;\">L\u00ea as \u00faltimas novidades dos\u00a0esports\u00a0<a href=\"https:\/\/arena.rtp.pt\/noticias\/\" target=\"_blank\" rel=\"noopener nofollow\"><strong>aqui<\/strong><\/a>.<\/p>\n","protected":false},"excerpt":{"rendered":"Em dia decisivo para a Astralis no Major de Budapeste foi confirmada a falha no pagamento dos sal\u00e1rios&hellip;\n","protected":false},"author":2,"featured_media":172174,"comment_status":"","ping_status":"","sticky":false,"template":"","format":"standard","meta":{"footnotes":""},"categories":[87],"tags":[135,32,33,134],"class_list":{"0":"post-172173","1":"post","2":"type-post","3":"status-publish","4":"format-standard","5":"has-post-thumbnail","7":"category-desporto","8":"tag-desporto","9":"tag-portugal","10":"tag-pt","11":"tag-sports"},"share_on_mastodon":{"url":"https:\/\/pubeurope.com\/@pt\/115646013326279161","error":""},"_links":{"self":[{"href":"https:\/\/www.europesays.com\/pt\/wp-json\/wp\/v2\/posts\/172173","targetHints":{"allow":["GET"]}}],"collection":[{"href":"https:\/\/www.europesays.com\/pt\/wp-json\/wp\/v2\/posts"}],"about":[{"href":"https:\/\/www.europesays.com\/pt\/wp-json\/wp\/v2\/types\/post"}],"author":[{"embeddable":true,"href":"https:\/\/www.europesays.com\/pt\/wp-json\/wp\/v2\/users\/2"}],"replies":[{"embeddable":true,"href":"https:\/\/www.europesays.com\/pt\/wp-json\/wp\/v2\/comments?post=172173"}],"version-history":[{"count":0,"href":"https:\/\/www.europesays.com\/pt\/wp-json\/wp\/v2\/posts\/172173\/revisions"}],"wp:featuredmedia":[{"embeddable":true,"href":"https:\/\/www.europesays.com\/pt\/wp-json\/wp\/v2\/media\/172174"}],"wp:attachment":[{"href":"https:\/\/www.europesays.com\/pt\/wp-json\/wp\/v2\/media?parent=172173"}],"wp:term":[{"taxonomy":"category","embeddable":true,"href":"https:\/\/www.europesays.com\/pt\/wp-json\/wp\/v2\/categories?post=172173"},{"taxonomy":"post_tag","embeddable":true,"href":"https:\/\/www.europesays.com\/pt\/wp-json\/wp\/v2\/tags?post=172173"}],"curies":[{"name":"wp","href":"https:\/\/api.w.org\/{rel}","templated":true}]}}