{"id":172204,"date":"2025-12-01T20:02:10","date_gmt":"2025-12-01T20:02:10","guid":{"rendered":"https:\/\/www.europesays.com\/pt\/172204\/"},"modified":"2025-12-01T20:02:10","modified_gmt":"2025-12-01T20:02:10","slug":"fernanda-lima-diz-que-rodrigo-hilbert-so-lhe-deu-um-presente-em-2","status":"publish","type":"post","link":"https:\/\/www.europesays.com\/pt\/172204\/","title":{"rendered":"Fernanda Lima diz que Rodrigo Hilbert s\u00f3 lhe deu um presente em 2"},"content":{"rendered":"<p><strong>Fernanda Lima<\/strong> contou que <strong>Rodrigo Hilbert <\/strong>s\u00f3 lhe deu um presente ao longo de 25 anos de casamento. A apresentadora ainda revelou que o mimo \u00e9 um casti\u00e7al feito pelo pr\u00f3prio ator.<\/p>\n<p>&#8220;Ele soldou algumas pe\u00e7as, como um moedor de pimenta, para fazer o casti\u00e7al. Eu n\u00e3o me importo [de n\u00e3o ganhar presentes]. O guri tem mais de 20 anos de casado e nunca me deu nada que comprou em uma loja. Tudo ele fez \u2014 ou faz&#8221;, explicou <strong>Fernanda<\/strong> no podcast &#8220;terapiRa&#8221;.<\/p>\n<p>A atriz disse que n\u00e3o gosta de pedir nada ao marido: &#8220;Vejo amigas falando para os maridos: &#8216;Olha, j\u00e1 vai chegar o meu anivers\u00e1rio, Dia dos Namorados&#8230;&#8217;. N\u00e3o \u00e9 uma coisa que me agrada pedir coisas ou avisar sobre meu anivers\u00e1rio&#8221;.<\/p>\n<p><strong>Fernanda Lima<\/strong> concluiu: &#8220;N\u00e3o quero nada material dele, e para mim est\u00e1 tudo certo. Essa coisa de: &#8216;[Quero] um anel, uma alian\u00e7a&#8230;&#8217;, eu vou trabalhar para comprar, como sempre fiz. N\u00e3o que eu ache ruim. Adoraria ganhar alguma coisa, mas n\u00e3o \u00e9 a nossa gira&#8221;.<\/p>\n<p>Confira:<\/p>\n","protected":false},"excerpt":{"rendered":"Fernanda Lima contou que Rodrigo Hilbert s\u00f3 lhe deu um presente ao longo de 25 anos de casamento.&hellip;\n","protected":false},"author":2,"featured_media":172205,"comment_status":"","ping_status":"","sticky":false,"template":"","format":"standard","meta":{"footnotes":""},"categories":[145],"tags":[211,210,114,115,3869,32,33,13403],"class_list":{"0":"post-172204","1":"post","2":"type-post","3":"status-publish","4":"format-standard","5":"has-post-thumbnail","7":"category-celebridades","8":"tag-celebridades","9":"tag-celebrities","10":"tag-entertainment","11":"tag-entretenimento","12":"tag-fernanda-lima","13":"tag-portugal","14":"tag-pt","15":"tag-rodrigo-hilbert"},"share_on_mastodon":{"url":"https:\/\/pubeurope.com\/@pt\/115646099804478571","error":""},"_links":{"self":[{"href":"https:\/\/www.europesays.com\/pt\/wp-json\/wp\/v2\/posts\/172204","targetHints":{"allow":["GET"]}}],"collection":[{"href":"https:\/\/www.europesays.com\/pt\/wp-json\/wp\/v2\/posts"}],"about":[{"href":"https:\/\/www.europesays.com\/pt\/wp-json\/wp\/v2\/types\/post"}],"author":[{"embeddable":true,"href":"https:\/\/www.europesays.com\/pt\/wp-json\/wp\/v2\/users\/2"}],"replies":[{"embeddable":true,"href":"https:\/\/www.europesays.com\/pt\/wp-json\/wp\/v2\/comments?post=172204"}],"version-history":[{"count":0,"href":"https:\/\/www.europesays.com\/pt\/wp-json\/wp\/v2\/posts\/172204\/revisions"}],"wp:featuredmedia":[{"embeddable":true,"href":"https:\/\/www.europesays.com\/pt\/wp-json\/wp\/v2\/media\/172205"}],"wp:attachment":[{"href":"https:\/\/www.europesays.com\/pt\/wp-json\/wp\/v2\/media?parent=172204"}],"wp:term":[{"taxonomy":"category","embeddable":true,"href":"https:\/\/www.europesays.com\/pt\/wp-json\/wp\/v2\/categories?post=172204"},{"taxonomy":"post_tag","embeddable":true,"href":"https:\/\/www.europesays.com\/pt\/wp-json\/wp\/v2\/tags?post=172204"}],"curies":[{"name":"wp","href":"https:\/\/api.w.org\/{rel}","templated":true}]}}